{"id":1038,"date":"2022-09-16T13:08:07","date_gmt":"2022-09-16T13:08:07","guid":{"rendered":"https:\/\/kulturellevereinigung.ch\/?p=1038"},"modified":"2022-09-16T13:08:08","modified_gmt":"2022-09-16T13:08:08","slug":"roger-de-weck-die-kraft-der-demokratie-30-9-22","status":"publish","type":"post","link":"https:\/\/kulturellevereinigung.ch\/?p=1038","title":{"rendered":"Roger De Weck, die Kraft der Demokratie, 30.9.22"},"content":{"rendered":"\n<h2 class=\"wp-block-heading\">im Kursaal des Grand Resort Bad Ragaz<\/h2>\n\n\n\n<h1 class=\"wp-block-heading\"><strong>Die Kraft der Demokratie<\/strong><br><\/h1>\n\n\n\n<h1 class=\"wp-block-heading\">Freitag, 30. September 2022, 20.00 Uhr<\/h1>\n\n\n\n<h5 class=\"wp-block-heading\">Dr. Roger de Weck, Bestsellerautor, ehem. Generaldirektor SRG SSR<\/h5>\n\n\n\n<p>Diktator Putin greift die Ukraine an. Das totalit\u00e4re China wird immer arroganter. In den USA wird die Republikanische Partei antidemokratisch. Mancherorts in Europa trumpfen autorit\u00e4re Rechtspopulisten auf. Wie Putin, den sie bewundern, betreiben sie Desinformation.<\/p>\n\n\n\n<p>Umso beherzter m\u00fcssen Demokratinnen und Demokraten f\u00fcr die Demokratie k\u00e4mpfen \u2013 nicht nur in der Ukraine. Doch warum bleiben viele Liberale und Linke defensiv? Und: Kippen die Konservativen nach rechts, oder erholen sich die Kr\u00e4fte der politischen Mitte?<\/p>\n\n\n\n<p>Die Schw\u00e4che der Demokraten ist viel gef\u00e4hrlicher als die Lautst\u00e4rke der Reaktion\u00e4re, warnt de Weck. Sein preisgekr\u00f6ntes Buch <em>Die Kraft der Demokratie \u2013 Eine Antwort auf die autorit\u00e4ren Reaktion\u00e4re<\/em> (Suhrkamp Verlag, 2022, erweiterte Taschenbuchausgabe) zeigt die Methoden und Schwachstellen der Rechten. Wer will, kann diese sehr wohl stoppen.<br><br>Damit Gestrige nicht die Zukunft kapern, m\u00fcssen wir an der Demokratie von morgen arbeiten, sie aktionsf\u00e4higer machen. Nur so k\u00f6nnen wir auf die Autorit\u00e4ren antworten, gemeinsam mit der aufstrebenden Generation Greta. Denn die Natur, sagt de Weck, muss zur Teilnehmerin an der Demokratie werden. Sein Buch schafft \u00dcbersicht \u2013 und Zuversicht.<\/p>\n\n\n\n<p>Dr. h.c. mult. Roger de Weck ist Autor, Podcaster und Gastprofessor am College of Europe. Er war Generaldirektor der Schweizer Radios und Fernsehens, Pr\u00e4sident des Graduate Institute of International and Development Studies in Genf, Chefredaktor der \u00abZeit\u00bb in Hamburg und des \u00abTages-Anzeigers\u00bb. Der zweisprachige Freiburger studierte Volkswirtschaft in St. Gallen.<\/p>\n\n\n\n<p>Sie und Ihre Freunde sind herzlich eingeladen.<\/p>\n\n\n\n<p><strong>Eine Anmeldung ist nicht notwendig.<\/strong><\/p>\n\n\n\n<p>Eintritt frei\/Kollekte<\/p>\n","protected":false},"excerpt":{"rendered":"<p>im Kursaal des Grand Resort Bad Ragaz Die Kraft der Demokratie Freitag, 30. September 2022, 20.00 Uhr Dr. Roger de Weck, Bestsellerautor, ehem. Generaldirektor SRG SSR Diktator Putin greift die Ukraine an. Das totalit\u00e4re China wird immer arroganter. In den USA wird die Republikanische Partei antidemokratisch. Mancherorts in Europa trumpfen autorit\u00e4re Rechtspopulisten auf. Wie Putin, &hellip; <a href=\"https:\/\/kulturellevereinigung.ch\/?p=1038\" class=\"more-link\"><span class=\"screen-reader-text\">Roger De Weck, die Kraft der Demokratie, 30.9.22<\/span> weiterlesen <span class=\"meta-nav\">&rarr;<\/span><\/a><\/p>\n","protected":false},"author":2,"featured_media":0,"comment_status":"closed","ping_status":"closed","sticky":false,"template":"","format":"standard","meta":{"footnotes":""},"categories":[1],"tags":[],"class_list":["post-1038","post","type-post","status-publish","format-standard","hentry","category-allgemein"],"_links":{"self":[{"href":"https:\/\/kulturellevereinigung.ch\/index.php?rest_route=\/wp\/v2\/posts\/1038","targetHints":{"allow":["GET"]}}],"collection":[{"href":"https:\/\/kulturellevereinigung.ch\/index.php?rest_route=\/wp\/v2\/posts"}],"about":[{"href":"https:\/\/kulturellevereinigung.ch\/index.php?rest_route=\/wp\/v2\/types\/post"}],"author":[{"embeddable":true,"href":"https:\/\/kulturellevereinigung.ch\/index.php?rest_route=\/wp\/v2\/users\/2"}],"replies":[{"embeddable":true,"href":"https:\/\/kulturellevereinigung.ch\/index.php?rest_route=%2Fwp%2Fv2%2Fcomments&post=1038"}],"version-history":[{"count":1,"href":"https:\/\/kulturellevereinigung.ch\/index.php?rest_route=\/wp\/v2\/posts\/1038\/revisions"}],"predecessor-version":[{"id":1039,"href":"https:\/\/kulturellevereinigung.ch\/index.php?rest_route=\/wp\/v2\/posts\/1038\/revisions\/1039"}],"wp:attachment":[{"href":"https:\/\/kulturellevereinigung.ch\/index.php?rest_route=%2Fwp%2Fv2%2Fmedia&parent=1038"}],"wp:term":[{"taxonomy":"category","embeddable":true,"href":"https:\/\/kulturellevereinigung.ch\/index.php?rest_route=%2Fwp%2Fv2%2Fcategories&post=1038"},{"taxonomy":"post_tag","embeddable":true,"href":"https:\/\/kulturellevereinigung.ch\/index.php?rest_route=%2Fwp%2Fv2%2Ftags&post=1038"}],"curies":[{"name":"wp","href":"https:\/\/api.w.org\/{rel}","templated":true}]}}