{"id":1041,"date":"2022-10-03T08:06:56","date_gmt":"2022-10-03T08:06:56","guid":{"rendered":"https:\/\/kulturellevereinigung.ch\/?p=1041"},"modified":"2022-10-03T08:09:20","modified_gmt":"2022-10-03T08:09:20","slug":"eine-sternstunde-fuer-die-kulturelle-vereinigung-zeitungsbericht-zum-referat-ueber-die-kraft-der-demokratie","status":"publish","type":"post","link":"https:\/\/kulturellevereinigung.ch\/?p=1041","title":{"rendered":"Zeitungsbericht zum Referat von Roger de Weck: eine Sternstunde f\u00fcr die Kulturelle Vereinigung"},"content":{"rendered":"\n<h2 class=\"wp-block-heading\"><strong>Die Kraft der Demokratie mobilisieren<\/strong><\/h2>\n\n\n\n<p>Zum Auftakt der neuen Veranstaltungssaison der Kulturellen Vereinigung Bad Ragaz hielt Roger de Weck, der Bestsellerautor und ehemalige Generaldirektor der SRG im Kursaal des Grand Resorts Bad Ragaz das auf grosses Interesse gestossene Referat \u00abDie Kraft der Demokratie\u00bb<\/p>\n\n\n\n<h3 class=\"wp-block-heading\">von Hans Hidber, im Sarganserl\u00e4nder vom 3.10.22<\/h3>\n\n\n\n<p>Renato Bergamin, Pr\u00e4sident der Kulturellen Vereinigung, freute sich \u00fcber den grossen Aufmarsch und hiess insbesondere Roger de Weck willkommen, der schon seit Jahren auf der Wunschliste als prominenter Referent von internationalem Format gestanden habe. Dieser wies einleitend auf die aktuellen Brandherde wie der russische Angriffskrieg auf die Ukraine und die unverhohlenen Drohungen Chinas mit einer gewaltsamen Annexion von Taiwan. Er erw\u00e4hnte auch das zunehmende Aufkommen von autorit\u00e4ren Rechtspopulisten an den Schalthebeln der Macht. Als krasses Beispiel einer Verachtung demokratischer Werte nannte er Donald Trump mit seinen fanatisierten Anh\u00e4ngern, die mit der St\u00fcrmung des Kapitols einen eigentlichen Putsch im Sinne hatten.<\/p>\n\n\n\n<p><strong>\u00abDiktatoren werden dumm\u00bb<\/strong><\/p>\n\n\n\n<p>Weil ihnen aus ihrem Umfeld niemand die Wahrheit zu sagen getraut, verlieren Diktatoren und Autokraten den Bezug zur Realit\u00e4t und werden dumm, so der Referent. \u00abEs gibt nichts Gef\u00e4hrlicheres als die Dummheit eines unberechenbaren Alleinherrschers\u00bb. Er h\u00e4lt die heutige Situation (Angriffskrieg Ukraine) gef\u00e4hrlicher als seinerzeit die Kubakrise. Damals habe es in der zwar auch totalit\u00e4ren Sowjetunion im Gegensatz zum heutigen Russland ein strukturiertes und deshalb besser berechenbares Machtgef\u00fcge gegeben. Das Vorgehen der an die Macht gelangenden Autokraten ist fast immer gleich: Knebelung der Presse- und Redefreiheit, Einsetzung einer willf\u00e4hrigen und nicht mehr unabh\u00e4ngigen Justiz, Desinformationen, Korruption und Verfolgung Andersdenkender.<\/p>\n\n\n\n<p>Damit schotten sie sich immer mehr von der Demokratie ab.<\/p>\n\n\n\n<p><strong>Demokratische Institutionen reformieren<\/strong><\/p>\n\n\n\n<p>\u00abEine Demokratie ist nie ganz perfekt, das w\u00e4re ein Widerspruch in sich\u00bb hielt de Weck fest. \u00abAber noch nie hat ein demokratischer Staat eine andere Demokratie mit Krieg angegriffen.\u00bb Anstatt den zunehmenden antidemokratischen Str\u00f6mungen mit unt\u00e4tigem Defaitismus hinzunehmen, m\u00fcsse man diesen mit \u00abRuhe und Entschlossenheit\u00bb entgegentreten und die Werte der Demokratie verteidigen. \u00abDazu m\u00fcssen wir die demokratischen Institutionen modernisieren und aktionsf\u00e4higer machen\u00bb, betonte de Weck. Wichtig sei, die Jugend schon fr\u00fch in diesen Prozess einzubinden, indem man ihre Anliegen ernst nehme und sie unterst\u00fctze. So m\u00fcsse zum Beispiel die Natur zur Teilnehmerin der Demokratie werden. \u00abSehr wichtig f\u00fcr die Erhaltung demokratischer Werte ist die F\u00f6rderung und Unterst\u00fctzung der unabh\u00e4ngigen Medien.<\/p>\n\n\n\n<p><strong>Optimist trotz allem<\/strong><\/p>\n\n\n\n<p>Trotz der derzeitigen tr\u00fcben und bedrohlichen Aussichtigen versteht sich Roger de Weck als Kulturoptimist, der an das Gelingen der Reaktivierung der demokratischen Kr\u00e4fte wider den Defaitismus glaubt und gab zum Abschluss seines spannenden und mit grossem Beifall bedachten Referats eine zum Schmunzeln anregende Erkl\u00e4rung \u00fcber den Unterschied zwischen Optimist und Pessimist: \u00abDer Optimist glaubt, dass es gut herauskommen wird, und der Pessimist bef\u00fcrchtet, dass der Optimist recht hat.\u00bb Anschliessend an das Referat gab es f\u00fcr das Publikum noch eine Fragerunde,<\/p>\n\n\n\n<p>in der unter anderem die Themen Zukunft der Nationalstaaten und die Neutralit\u00e4tspolitik zur Sprache kamen. Zu Letzterem betonte der Referent, dass bei einer Umgehung der Sanktionen die Banken pleite gegangen w\u00e4ren und die Schweiz nicht zum Schlupfloch der Oligarchen werden wollte. Renato Bergamin schloss den Anlass mit der wohl k\u00fcrzesten und pr\u00e4gnantesten Zusammenfassung der ganzen komplexen Thematik mit dem Goethe zugeschriebenen Zitat \u00abWer in der Demokratie schl\u00e4ft, wacht in der Diktatur auf\u00bb.<\/p>\n","protected":false},"excerpt":{"rendered":"<p>Die Kraft der Demokratie mobilisieren Zum Auftakt der neuen Veranstaltungssaison der Kulturellen Vereinigung Bad Ragaz hielt Roger de Weck, der Bestsellerautor und ehemalige Generaldirektor der SRG im Kursaal des Grand Resorts Bad Ragaz das auf grosses Interesse gestossene Referat \u00abDie Kraft der Demokratie\u00bb von Hans Hidber, im Sarganserl\u00e4nder vom 3.10.22 Renato Bergamin, Pr\u00e4sident der Kulturellen &hellip; <a href=\"https:\/\/kulturellevereinigung.ch\/?p=1041\" class=\"more-link\"><span class=\"screen-reader-text\">Zeitungsbericht zum Referat von Roger de Weck: eine Sternstunde f\u00fcr die Kulturelle Vereinigung<\/span> weiterlesen <span class=\"meta-nav\">&rarr;<\/span><\/a><\/p>\n","protected":false},"author":2,"featured_media":0,"comment_status":"closed","ping_status":"closed","sticky":false,"template":"","format":"standard","meta":{"footnotes":""},"categories":[1],"tags":[],"class_list":["post-1041","post","type-post","status-publish","format-standard","hentry","category-allgemein"],"_links":{"self":[{"href":"https:\/\/kulturellevereinigung.ch\/index.php?rest_route=\/wp\/v2\/posts\/1041","targetHints":{"allow":["GET"]}}],"collection":[{"href":"https:\/\/kulturellevereinigung.ch\/index.php?rest_route=\/wp\/v2\/posts"}],"about":[{"href":"https:\/\/kulturellevereinigung.ch\/index.php?rest_route=\/wp\/v2\/types\/post"}],"author":[{"embeddable":true,"href":"https:\/\/kulturellevereinigung.ch\/index.php?rest_route=\/wp\/v2\/users\/2"}],"replies":[{"embeddable":true,"href":"https:\/\/kulturellevereinigung.ch\/index.php?rest_route=%2Fwp%2Fv2%2Fcomments&post=1041"}],"version-history":[{"count":3,"href":"https:\/\/kulturellevereinigung.ch\/index.php?rest_route=\/wp\/v2\/posts\/1041\/revisions"}],"predecessor-version":[{"id":1045,"href":"https:\/\/kulturellevereinigung.ch\/index.php?rest_route=\/wp\/v2\/posts\/1041\/revisions\/1045"}],"wp:attachment":[{"href":"https:\/\/kulturellevereinigung.ch\/index.php?rest_route=%2Fwp%2Fv2%2Fmedia&parent=1041"}],"wp:term":[{"taxonomy":"category","embeddable":true,"href":"https:\/\/kulturellevereinigung.ch\/index.php?rest_route=%2Fwp%2Fv2%2Fcategories&post=1041"},{"taxonomy":"post_tag","embeddable":true,"href":"https:\/\/kulturellevereinigung.ch\/index.php?rest_route=%2Fwp%2Fv2%2Ftags&post=1041"}],"curies":[{"name":"wp","href":"https:\/\/api.w.org\/{rel}","templated":true}]}}