{"id":1057,"date":"2022-11-14T07:50:44","date_gmt":"2022-11-14T07:50:44","guid":{"rendered":"https:\/\/kulturellevereinigung.ch\/?p=1057"},"modified":"2022-11-14T07:50:45","modified_gmt":"2022-11-14T07:50:45","slug":"einladung-vortrag-die-duefte-der-nachbarn-30-11-22","status":"publish","type":"post","link":"https:\/\/kulturellevereinigung.ch\/?p=1057","title":{"rendered":"Einladung Vortrag &#8222;Die D\u00fcfte der Nachbarn&#8220;, 30.11.22"},"content":{"rendered":"\n<h2 class=\"wp-block-heading\">Mittwoch, 30. November 2022, 20.00 Uhr<\/h2>\n\n\n\n<h2 class=\"wp-block-heading\">im Kursaal des Grand Resort Bad Ragaz\u00a0\u00a0\u00a0\u00a0\u00a0\u00a0\u00a0\u00a0\u00a0\u00a0\u00a0\u00a0\u00a0\u00a0\u00a0\u00a0\u00a0\u00a0\u00a0\u00a0 \u00a0\u00a0\u00a0\u00a0\u00a0\u00a0\u00a0\u00a0\u00a0\u00a0\u00a0 \u00a0\u00a0\u00a0\u00a0\u00a0\u00a0\u00a0\u00a0\u00a0\u00a0\u00a0 \u00a0\u00a0 \u00a0\u00a0\u00a0\u00a0<\/h2>\n\n\n\n<h2 class=\"wp-block-heading\"><strong>Die D\u00fcfte der Nachbarn<\/strong><\/h2>\n\n\n\n<h2 class=\"wp-block-heading\"><strong>Wie Pflanzen kommunizieren und sich vernetzen<\/strong><\/h2>\n\n\n\n<h3 class=\"wp-block-heading\"><strong>Vortrag von Frau Dr. Florianne Koechlin<\/strong><strong><\/strong><\/h3>\n\n\n\n<p>Pflanzen verf\u00fcgen \u00fcber differenzierte Wahrnehmungs- und Kommunikationsm\u00f6glichkeiten.<\/p>\n\n\n\n<p>Via Luft oder Boden senden und empfangen sie Duftstoffe, mit denen sie warnen oder N\u00fctzlinge anlocken. Ihre Wurzeln verbinden sich mit Mykorrhizapilzen zu einer Art unterirdischem Internet.<\/p>\n\n\n\n<p>Bei einem Spinnmilbenangriff produziert eine spezielle Pflanze einen Duftstoff, der Raubmilben anlockt. Einen Raupenangriff signalisiert sie mit einer speziellen Duftnote der Schlupfwespe, welche die Raupe bek\u00e4mpft. Sie ruft quasi die geeignete Leibw\u00e4chterin \u2013 je nachdem, wer an ihr frisst.<\/p>\n\n\n\n<p>Differenzierte Wahrnehmungen sind dies. Ein grossartiges Kommunikationskunstst\u00fcck !<\/p>\n\n\n\n<p>Auch Tomaten kommunizieren auf diese differenzierte Art und Weise.<\/p>\n\n\n\n<p>Sie warnen sich gegenseitig vor Schadinsekten oder vor D\u00fcrre, senden SOS-Signale aus, locken N\u00fctzlinge und Best\u00e4uber an, vertreiben Sch\u00e4dlinge und koordinieren ihr Verhalten.<\/p>\n\n\n\n<p>Die Geruchs- und Geschmacksrezeptoren sind \u00fcber die ganze Pflanze verteilt.<\/p>\n\n\n\n<p>Heute sind bei Pflanzen rund 2000 Duftstoffvariationen bekannt. Pflanzen k\u00f6nnen ihre Umwelt viel differenzierter wahrnehmen als wir. Oder k\u00f6nnen Sie sich vorstellen, wie es ist, Angriffe abzuwehren, wenn man sich nicht vom Fleck r\u00fchren kann ?<\/p>\n\n\n\n<p>Sie erkennen den Feuchtigkeitsgehalt im Boden, finden entfernte Wasserquellen. Sie besitzen einen Sinn f\u00fcr die Schwerkraft, f\u00fcr elektromagnetische Felder und k\u00f6nnen den Gehalt zahlreicher chemischer Stoffe in Luft und Boden ausmachen.<\/p>\n\n\n\n<p>Die Biologin, Autorin und Gesch\u00e4ftsf\u00fchrerin des Blauen-Instituts Dr. Florianne Koechlin besch\u00e4ftigt sich vor allem mit den Themen Gentechnik, Epigenetik, Pflanzenkommunikation und moderner Landwirtschaft.<\/p>\n\n\n\n<p>Sie sieht sich selbst nicht als Forscherin, sondern m\u00f6chte mit ihren Vortr\u00e4gen und B\u00fcchern vor allem wissenschaftliche Erkenntnisse aus den von ihr behandelten Gebieten allgemeinverst\u00e4ndlich aufbereiten und damit auch dem wissenschaftlichen Laien zug\u00e4nglich machen.<\/p>\n\n\n\n<p>Die Kulturelle Vereinigung l\u00e4dt Sie und Ihre Freunde herzlich zu diesem Vortrag ein.<\/p>\n\n\n\n<p>Eintritt frei \/ Kollekte<\/p>\n","protected":false},"excerpt":{"rendered":"<p>Mittwoch, 30. November 2022, 20.00 Uhr im Kursaal des Grand Resort Bad Ragaz\u00a0\u00a0\u00a0\u00a0\u00a0\u00a0\u00a0\u00a0\u00a0\u00a0\u00a0\u00a0\u00a0\u00a0\u00a0\u00a0\u00a0\u00a0\u00a0\u00a0 \u00a0\u00a0\u00a0\u00a0\u00a0\u00a0\u00a0\u00a0\u00a0\u00a0\u00a0 \u00a0\u00a0\u00a0\u00a0\u00a0\u00a0\u00a0\u00a0\u00a0\u00a0\u00a0 \u00a0\u00a0 \u00a0\u00a0\u00a0\u00a0 Die D\u00fcfte der Nachbarn Wie Pflanzen kommunizieren und sich vernetzen Vortrag von Frau Dr. Florianne Koechlin Pflanzen verf\u00fcgen \u00fcber differenzierte Wahrnehmungs- und Kommunikationsm\u00f6glichkeiten. Via Luft oder Boden senden und empfangen sie Duftstoffe, mit denen sie warnen oder N\u00fctzlinge &hellip; <a href=\"https:\/\/kulturellevereinigung.ch\/?p=1057\" class=\"more-link\"><span class=\"screen-reader-text\">Einladung Vortrag &#8222;Die D\u00fcfte der Nachbarn&#8220;, 30.11.22<\/span> weiterlesen <span class=\"meta-nav\">&rarr;<\/span><\/a><\/p>\n","protected":false},"author":2,"featured_media":0,"comment_status":"closed","ping_status":"closed","sticky":false,"template":"","format":"standard","meta":{"footnotes":""},"categories":[1],"tags":[],"class_list":["post-1057","post","type-post","status-publish","format-standard","hentry","category-allgemein"],"_links":{"self":[{"href":"https:\/\/kulturellevereinigung.ch\/index.php?rest_route=\/wp\/v2\/posts\/1057","targetHints":{"allow":["GET"]}}],"collection":[{"href":"https:\/\/kulturellevereinigung.ch\/index.php?rest_route=\/wp\/v2\/posts"}],"about":[{"href":"https:\/\/kulturellevereinigung.ch\/index.php?rest_route=\/wp\/v2\/types\/post"}],"author":[{"embeddable":true,"href":"https:\/\/kulturellevereinigung.ch\/index.php?rest_route=\/wp\/v2\/users\/2"}],"replies":[{"embeddable":true,"href":"https:\/\/kulturellevereinigung.ch\/index.php?rest_route=%2Fwp%2Fv2%2Fcomments&post=1057"}],"version-history":[{"count":1,"href":"https:\/\/kulturellevereinigung.ch\/index.php?rest_route=\/wp\/v2\/posts\/1057\/revisions"}],"predecessor-version":[{"id":1058,"href":"https:\/\/kulturellevereinigung.ch\/index.php?rest_route=\/wp\/v2\/posts\/1057\/revisions\/1058"}],"wp:attachment":[{"href":"https:\/\/kulturellevereinigung.ch\/index.php?rest_route=%2Fwp%2Fv2%2Fmedia&parent=1057"}],"wp:term":[{"taxonomy":"category","embeddable":true,"href":"https:\/\/kulturellevereinigung.ch\/index.php?rest_route=%2Fwp%2Fv2%2Fcategories&post=1057"},{"taxonomy":"post_tag","embeddable":true,"href":"https:\/\/kulturellevereinigung.ch\/index.php?rest_route=%2Fwp%2Fv2%2Ftags&post=1057"}],"curies":[{"name":"wp","href":"https:\/\/api.w.org\/{rel}","templated":true}]}}