{"id":1070,"date":"2023-01-24T09:08:05","date_gmt":"2023-01-24T09:08:05","guid":{"rendered":"https:\/\/kulturellevereinigung.ch\/?p=1070"},"modified":"2023-01-24T09:08:06","modified_gmt":"2023-01-24T09:08:06","slug":"8-2-23-vortrag-zu-sizilien-insel-im-licht","status":"publish","type":"post","link":"https:\/\/kulturellevereinigung.ch\/?p=1070","title":{"rendered":"8.2.23: Vortrag zu <strong>Sizilien \u2013 Insel im Licht<\/strong>"},"content":{"rendered":"\n<h2 class=\"wp-block-heading\">Mittwoch, <strong>8. Februar 2023<\/strong>, 20.00 Uhr<\/h2>\n\n\n\n<h4 class=\"wp-block-heading\">im Kursaal des Grand Resort Bad Ragaz<\/h4>\n\n\n\n<p><strong>Sizilien \u2013 Insel im Licht<\/strong><\/p>\n\n\n\n<p>Martin Engelmann, Reisefotograf \/ Live-Reportagen \/ Live-Multivisionen<\/p>\n\n\n\n<p>Schon der antike griechische Historiker Diodor schrieb im ersten Jahrhundert v. Chr. \u201eAls erstes sprechen wir \u00fcber die Insel Sizilien, denn sie ist die bedeu\u00adtendste und einer der geschichtstr\u00e4chtigsten Orte.\u201c Siziliens Jahrtausende alte Geschichte hat ihre Spuren bis heute hinterlassen. Von der griechischen Antike, bis ins Mittelalter der Araber, Byzantiner und Normannen. So vielf\u00e4ltig wie die Kultur, ist auch die Landschaft der Mittelmeerinsel.<\/p>\n\n\n\n<p>Buchten und ungew\u00f6hnlichen Landschaften, die an die Vulkangeschichte der Region erinnern. Besonders abenteuerlich ist dabei die Besteigung des aktiven Vulkans Stromboli. Gewaltige Eruptionen aus insgesamt drei Kratern zeigen spektakul\u00e4re Bilder aus n\u00e4chster N\u00e4he. Von den wildromantischen K\u00fcsten bis in das farbenfrohe Hochland entsteht eine traumhafte Bilderreise mit ber\u00fch\u00adrenden Geschichten von Begegnungen mit Menschen, die mit ihrer Kultur &amp; Tradition fest verwurzelt sind.<\/p>\n\n\n\n<p>Martin Engelmann verbrachte fast 10 Monate auf der Mittelmeerinsel und ver\u00admittelt einen sensiblen Einblick in das traditionelle Leben der Menschen und ihrer jahrtausendealten Kultur. Sein Fazit: \u201eSizilien ist ein Ort der Sehnsucht. Man kann sich der Sch\u00f6nheit nicht entziehen. Das letzte Gef\u00fchl, dass sich am Ende einer jeden Reise einstellt, ist der innige Wunsch, irgendwann wieder nach Sizilien zur\u00fcckzukehren.\u201c<\/p>\n\n\n\n<p>Sie sind herzlich eingeladen (Kollekte)<\/p>\n","protected":false},"excerpt":{"rendered":"<p>Mittwoch, 8. Februar 2023, 20.00 Uhr im Kursaal des Grand Resort Bad Ragaz Sizilien \u2013 Insel im Licht Martin Engelmann, Reisefotograf \/ Live-Reportagen \/ Live-Multivisionen Schon der antike griechische Historiker Diodor schrieb im ersten Jahrhundert v. Chr. \u201eAls erstes sprechen wir \u00fcber die Insel Sizilien, denn sie ist die bedeu\u00adtendste und einer der geschichtstr\u00e4chtigsten Orte.\u201c &hellip; <a href=\"https:\/\/kulturellevereinigung.ch\/?p=1070\" class=\"more-link\"><span class=\"screen-reader-text\">8.2.23: Vortrag zu <strong>Sizilien \u2013 Insel im Licht<\/strong><\/span> weiterlesen <span class=\"meta-nav\">&rarr;<\/span><\/a><\/p>\n","protected":false},"author":2,"featured_media":0,"comment_status":"closed","ping_status":"closed","sticky":false,"template":"","format":"standard","meta":{"footnotes":""},"categories":[1],"tags":[],"class_list":["post-1070","post","type-post","status-publish","format-standard","hentry","category-allgemein"],"_links":{"self":[{"href":"https:\/\/kulturellevereinigung.ch\/index.php?rest_route=\/wp\/v2\/posts\/1070","targetHints":{"allow":["GET"]}}],"collection":[{"href":"https:\/\/kulturellevereinigung.ch\/index.php?rest_route=\/wp\/v2\/posts"}],"about":[{"href":"https:\/\/kulturellevereinigung.ch\/index.php?rest_route=\/wp\/v2\/types\/post"}],"author":[{"embeddable":true,"href":"https:\/\/kulturellevereinigung.ch\/index.php?rest_route=\/wp\/v2\/users\/2"}],"replies":[{"embeddable":true,"href":"https:\/\/kulturellevereinigung.ch\/index.php?rest_route=%2Fwp%2Fv2%2Fcomments&post=1070"}],"version-history":[{"count":1,"href":"https:\/\/kulturellevereinigung.ch\/index.php?rest_route=\/wp\/v2\/posts\/1070\/revisions"}],"predecessor-version":[{"id":1071,"href":"https:\/\/kulturellevereinigung.ch\/index.php?rest_route=\/wp\/v2\/posts\/1070\/revisions\/1071"}],"wp:attachment":[{"href":"https:\/\/kulturellevereinigung.ch\/index.php?rest_route=%2Fwp%2Fv2%2Fmedia&parent=1070"}],"wp:term":[{"taxonomy":"category","embeddable":true,"href":"https:\/\/kulturellevereinigung.ch\/index.php?rest_route=%2Fwp%2Fv2%2Fcategories&post=1070"},{"taxonomy":"post_tag","embeddable":true,"href":"https:\/\/kulturellevereinigung.ch\/index.php?rest_route=%2Fwp%2Fv2%2Ftags&post=1070"}],"curies":[{"name":"wp","href":"https:\/\/api.w.org\/{rel}","templated":true}]}}