{"id":1078,"date":"2023-03-06T07:26:43","date_gmt":"2023-03-06T07:26:43","guid":{"rendered":"https:\/\/kulturellevereinigung.ch\/?p=1078"},"modified":"2023-03-06T07:26:44","modified_gmt":"2023-03-06T07:26:44","slug":"10-3-23-anlass-des-grand-resort-kamingespraech-kunst-zwischen-anlage-und-leidenschaft","status":"publish","type":"post","link":"https:\/\/kulturellevereinigung.ch\/?p=1078","title":{"rendered":"10.3.23 Anlass des Grand Resort: Kamingespr\u00e4ch &#8222;Kunst zwischen Anlage und Leidenschaft&#8220;"},"content":{"rendered":"\n<h2 class=\"wp-block-heading\">mit freundlicher Empfehlung<\/h2>\n\n\n\n<p><strong>Freitag, 10. M\u00e4rz 2023<\/strong>, 20.00 Uhr<\/p>\n\n\n\n<p>Kamingespr\u00e4ch<\/p>\n\n\n\n<p><strong>\u00abKunst zwischen Anlage und Leidenschaft. Ein Blick hinter die Kulissen des umsatzst\u00e4rksten Auktionshauses der Schweiz\u00bb<\/strong><\/p>\n\n\n\n<p>Bernhard B. Bischoff, Pr\u00e4sident der Schweizer Auktionsh\u00e4user und Co-Pr\u00e4sident im Dachverband Kunstmarkt Schweiz, ist seit rund zehn Jahren Auktionator bei der Galerie Kornfeld. Im Gespr\u00e4ch gibt er Einblicke in das Wesen einer Auktion, erz\u00e4hlt von der Arbeit eines Kunsthandels-Experten und gibt vielleicht preis, \u00abwarum er die Mona Lisa verkaufen, aber die Seerosen von Monet f\u00fcr sich behalten w\u00fcrde\u00bb (Zitat Berner Kulturagenda).<\/p>\n\n\n\n<p>Reservation empfohlen: kultur@resortragaz.ch <\/p>\n","protected":false},"excerpt":{"rendered":"<p>mit freundlicher Empfehlung Freitag, 10. M\u00e4rz 2023, 20.00 Uhr Kamingespr\u00e4ch \u00abKunst zwischen Anlage und Leidenschaft. Ein Blick hinter die Kulissen des umsatzst\u00e4rksten Auktionshauses der Schweiz\u00bb Bernhard B. Bischoff, Pr\u00e4sident der Schweizer Auktionsh\u00e4user und Co-Pr\u00e4sident im Dachverband Kunstmarkt Schweiz, ist seit rund zehn Jahren Auktionator bei der Galerie Kornfeld. Im Gespr\u00e4ch gibt er Einblicke in das &hellip; <a href=\"https:\/\/kulturellevereinigung.ch\/?p=1078\" class=\"more-link\"><span class=\"screen-reader-text\">10.3.23 Anlass des Grand Resort: Kamingespr\u00e4ch &#8222;Kunst zwischen Anlage und Leidenschaft&#8220;<\/span> weiterlesen <span class=\"meta-nav\">&rarr;<\/span><\/a><\/p>\n","protected":false},"author":2,"featured_media":0,"comment_status":"closed","ping_status":"closed","sticky":false,"template":"","format":"standard","meta":{"footnotes":""},"categories":[1],"tags":[],"class_list":["post-1078","post","type-post","status-publish","format-standard","hentry","category-allgemein"],"_links":{"self":[{"href":"https:\/\/kulturellevereinigung.ch\/index.php?rest_route=\/wp\/v2\/posts\/1078","targetHints":{"allow":["GET"]}}],"collection":[{"href":"https:\/\/kulturellevereinigung.ch\/index.php?rest_route=\/wp\/v2\/posts"}],"about":[{"href":"https:\/\/kulturellevereinigung.ch\/index.php?rest_route=\/wp\/v2\/types\/post"}],"author":[{"embeddable":true,"href":"https:\/\/kulturellevereinigung.ch\/index.php?rest_route=\/wp\/v2\/users\/2"}],"replies":[{"embeddable":true,"href":"https:\/\/kulturellevereinigung.ch\/index.php?rest_route=%2Fwp%2Fv2%2Fcomments&post=1078"}],"version-history":[{"count":1,"href":"https:\/\/kulturellevereinigung.ch\/index.php?rest_route=\/wp\/v2\/posts\/1078\/revisions"}],"predecessor-version":[{"id":1079,"href":"https:\/\/kulturellevereinigung.ch\/index.php?rest_route=\/wp\/v2\/posts\/1078\/revisions\/1079"}],"wp:attachment":[{"href":"https:\/\/kulturellevereinigung.ch\/index.php?rest_route=%2Fwp%2Fv2%2Fmedia&parent=1078"}],"wp:term":[{"taxonomy":"category","embeddable":true,"href":"https:\/\/kulturellevereinigung.ch\/index.php?rest_route=%2Fwp%2Fv2%2Fcategories&post=1078"},{"taxonomy":"post_tag","embeddable":true,"href":"https:\/\/kulturellevereinigung.ch\/index.php?rest_route=%2Fwp%2Fv2%2Ftags&post=1078"}],"curies":[{"name":"wp","href":"https:\/\/api.w.org\/{rel}","templated":true}]}}