{"id":1080,"date":"2023-03-06T07:31:38","date_gmt":"2023-03-06T07:31:38","guid":{"rendered":"https:\/\/kulturellevereinigung.ch\/?p=1080"},"modified":"2023-03-06T07:31:39","modified_gmt":"2023-03-06T07:31:39","slug":"22-3-23-leben-und-werk-meines-vater-charlie-chaplin","status":"publish","type":"post","link":"https:\/\/kulturellevereinigung.ch\/?p=1080","title":{"rendered":"22.3.23 Leben und Werk meines Vater Charlie Chaplin"},"content":{"rendered":"\n<h2 class=\"wp-block-heading\">Mittwoch, 22. M\u00e4rz 2023, 20.00 Uhr<\/h2>\n\n\n\n<h3 class=\"wp-block-heading\">im Kursaal des Grand Resort Bad Ragaz<\/h3>\n\n\n\n<h1 class=\"wp-block-heading\"><br><strong>Leben und Werk meines Vaters Charlie Chaplin<\/strong><\/h1>\n\n\n\n<p><strong>Gespr\u00e4ch und Power Point Pr\u00e4sentation mit Eugene Chaplin<\/strong><\/p>\n\n\n\n<p>(Gespr\u00e4ch auf Franz\u00f6sisch, mit deutscher Zusammenfassung)<\/p>\n\n\n\n<p>Das Leben Charlie Chaplins (1889\u20131977) ist ein M\u00e4rchen des 20. Jahrhunderts: der Aufstieg des kleinen Jungen aus dem Armenhaus zu einem der ber\u00fchmtesten und genialsten Weltstars. Sein Humor und seine Filme ber\u00fchren bis heute die Herzen. 1952 z\u00fcgelte der weltbekannte Schauspieler und Regisseur mit seiner Familie an den Genfersee. Wo er, wie er einmal sagte, die heitersten Momente seines Lebens verbrachte.<\/p>\n\n\n\n<p><strong>Eugene Chaplin<\/strong> ist das f\u00fcnfte Kind von Oona O\u2019Neill und Charlie Chaplin. Mit sieben Geschwistern ist er in Corsier-sur\u2013Vevey aufgewachsen. Eugene Chaplin ist Tontechniker und Dokumentarfilmer, er wirkte in zahlreichen Filmen und Dokumentationen \u00fcber seinen ber\u00fchmten Vater mit. Eugene Chaplin <a href=\"https:\/\/de.wikipedia.org\/wiki\/Eugene_Chaplin#cite_note-3\"><\/a>betreut das &nbsp;Chaplin\u2018s World \u2013 The Modern Times Museum, das 2016 im ehemaligen Schweizer Wohnsitz der Familie in&nbsp;Corsier-sur-Vevey er\u00f6ffnet wurde, es ist das einzige multimediale Museum weltweit, das dem genialen Kom\u00f6dianten gewidmet ist.<\/p>\n\n\n\n<p>Im Gespr\u00e4ch mit William Kent, Projektleiter Chaplin\u2018s World, gibt Eugene Chaplin au\u00dfergew\u00f6hnliche Einblicke in die Arbeit und das Leben seines Vaters. Renato Bergamin, der Pr\u00e4sident der Kulturellen Vereinigung, wird auf Deutsch zusammenfassen.<\/p>\n\n\n\n<p>Sie und Ihre Freunde sind herzlich eingeladen. Eintritt frei\/Kollekte<\/p>\n\n\n\n<figure class=\"wp-block-image size-full\"><a href=\"http:\/\/kulturellevereinigung.ch\/wp-content\/uploads\/2023\/03\/Eugene-Chaplin.jpg\"><img loading=\"lazy\" decoding=\"async\" width=\"610\" height=\"343\" src=\"http:\/\/kulturellevereinigung.ch\/wp-content\/uploads\/2023\/03\/Eugene-Chaplin.jpg\" alt=\"\" class=\"wp-image-1081\" srcset=\"https:\/\/kulturellevereinigung.ch\/wp-content\/uploads\/2023\/03\/Eugene-Chaplin.jpg 610w, https:\/\/kulturellevereinigung.ch\/wp-content\/uploads\/2023\/03\/Eugene-Chaplin-300x169.jpg 300w\" sizes=\"auto, (max-width: 610px) 100vw, 610px\" \/><\/a><\/figure>\n","protected":false},"excerpt":{"rendered":"<p>Mittwoch, 22. M\u00e4rz 2023, 20.00 Uhr im Kursaal des Grand Resort Bad Ragaz Leben und Werk meines Vaters Charlie Chaplin Gespr\u00e4ch und Power Point Pr\u00e4sentation mit Eugene Chaplin (Gespr\u00e4ch auf Franz\u00f6sisch, mit deutscher Zusammenfassung) Das Leben Charlie Chaplins (1889\u20131977) ist ein M\u00e4rchen des 20. Jahrhunderts: der Aufstieg des kleinen Jungen aus dem Armenhaus zu einem &hellip; <a href=\"https:\/\/kulturellevereinigung.ch\/?p=1080\" class=\"more-link\"><span class=\"screen-reader-text\">22.3.23 Leben und Werk meines Vater Charlie Chaplin<\/span> weiterlesen <span class=\"meta-nav\">&rarr;<\/span><\/a><\/p>\n","protected":false},"author":2,"featured_media":0,"comment_status":"closed","ping_status":"closed","sticky":false,"template":"","format":"standard","meta":{"footnotes":""},"categories":[1],"tags":[],"class_list":["post-1080","post","type-post","status-publish","format-standard","hentry","category-allgemein"],"_links":{"self":[{"href":"https:\/\/kulturellevereinigung.ch\/index.php?rest_route=\/wp\/v2\/posts\/1080","targetHints":{"allow":["GET"]}}],"collection":[{"href":"https:\/\/kulturellevereinigung.ch\/index.php?rest_route=\/wp\/v2\/posts"}],"about":[{"href":"https:\/\/kulturellevereinigung.ch\/index.php?rest_route=\/wp\/v2\/types\/post"}],"author":[{"embeddable":true,"href":"https:\/\/kulturellevereinigung.ch\/index.php?rest_route=\/wp\/v2\/users\/2"}],"replies":[{"embeddable":true,"href":"https:\/\/kulturellevereinigung.ch\/index.php?rest_route=%2Fwp%2Fv2%2Fcomments&post=1080"}],"version-history":[{"count":1,"href":"https:\/\/kulturellevereinigung.ch\/index.php?rest_route=\/wp\/v2\/posts\/1080\/revisions"}],"predecessor-version":[{"id":1082,"href":"https:\/\/kulturellevereinigung.ch\/index.php?rest_route=\/wp\/v2\/posts\/1080\/revisions\/1082"}],"wp:attachment":[{"href":"https:\/\/kulturellevereinigung.ch\/index.php?rest_route=%2Fwp%2Fv2%2Fmedia&parent=1080"}],"wp:term":[{"taxonomy":"category","embeddable":true,"href":"https:\/\/kulturellevereinigung.ch\/index.php?rest_route=%2Fwp%2Fv2%2Fcategories&post=1080"},{"taxonomy":"post_tag","embeddable":true,"href":"https:\/\/kulturellevereinigung.ch\/index.php?rest_route=%2Fwp%2Fv2%2Ftags&post=1080"}],"curies":[{"name":"wp","href":"https:\/\/api.w.org\/{rel}","templated":true}]}}