{"id":1087,"date":"2023-04-03T08:53:20","date_gmt":"2023-04-03T08:53:20","guid":{"rendered":"https:\/\/kulturellevereinigung.ch\/?p=1087"},"modified":"2023-05-02T12:56:38","modified_gmt":"2023-05-02T12:56:38","slug":"mitgliederversammlung-3-mai-2023-mit-wein-ueberraschung-nur-mit-anmeldung-und-nur-fuer-mitglieder","status":"publish","type":"post","link":"https:\/\/kulturellevereinigung.ch\/?p=1087","title":{"rendered":"Mitgliederversammlung 3. Mai 2023 mit Wein-\u00dcberraschung! ausgebucht"},"content":{"rendered":"\n<h1 class=\"wp-block-heading\"><strong>Mitgliederversammlung<\/strong><\/h1>\n\n\n\n<h3 class=\"wp-block-heading\"><strong>auf einer gemeinsamen Weinreise, \u00f6nologisch begleitet durch Francesco Benvenuto, Wine Director Hof, Grand Resort<\/strong><\/h3>\n\n\n\n<h2 class=\"wp-block-heading\">Mittwoch, 3. Mai 2023, 20.00 Uhr<\/h2>\n\n\n\n<h4 class=\"wp-block-heading\">im Rainer-Maria-Rilke-Saal des Grand Resort<\/h4>\n\n\n\n<p class=\"has-red-color has-text-color\"><strong>Leider ist der Anlass ausgebucht.<\/strong><\/p>\n\n\n\n<p>Liebe Mitglieder der Kulturellen Vereinigung von Bad Ragaz<\/p>\n\n\n\n<p>Wir laden Sie herzlich zur Mitgliederversammlung ein.<\/p>\n\n\n\n<p>Folgende ordentliche Traktanden gelangen zur Abwicklung:<\/p>\n\n\n\n<ol class=\"wp-block-list\" type=\"1\">\n<li>Protokoll der Versammlung vom 4. Mai 2022<\/li>\n\n\n\n<li>Jahresbericht des Pr\u00e4sidenten 2022\/23<\/li>\n\n\n\n<li>Jahresrechnung und Revisorenbericht<\/li>\n\n\n\n<li>Ausblick Saison 2023\/24<\/li>\n\n\n\n<li>Allgemeine Umfrage<\/li>\n<\/ol>\n\n\n\n<p>Das Protokoll der Versammlung vom 4. Mai 2022 ist auf der Website <a href=\"http:\/\/www.kulturellevereinigung.ch\">www.kulturellevereinigung.ch<\/a> aufgeschaltet; die Jahresrechnung 2022\/23 liegt an der Mitgliederversammlung auf.<\/p>\n\n\n\n<p>Wir begeben uns auf eine gemeinsame Weinreise. Als Experiment wird die Versammlung \u00f6nologisch umrahmt \u2013 das bedeutet, dass Francesco Benvenuto, Sommelier des Jahres 2018, zu jedem Traktandum einen \u00abpassenden\u00bb Wein einschenken und kommentieren wird.<br>Im Anschluss gibt es die M\u00f6glichkeit, sich gem\u00fctlich und pers\u00f6nlich mit Ihnen auszutauschen.<\/p>\n\n\n\n<p>Wir freuen uns auf diesen spannenden Abend und heissen Sie ganz herzlich willkommen!<\/p>\n\n\n\n<p>Vorstand Kulturelle Vereinigung<\/p>\n\n\n\n<div data-wp-interactive=\"core\/file\" class=\"wp-block-file\"><object data-wp-bind--hidden=\"!state.hasPdfPreview\" hidden class=\"wp-block-file__embed\" data=\"https:\/\/kulturellevereinigung.ch\/wp-content\/uploads\/2023\/04\/Protokoll-der-HV-vom-4.5.2022.pdf\" type=\"application\/pdf\" style=\"width:100%;height:600px\" aria-label=\"Einbettung von Protokoll-der-HV-vom-4.5.2022.\"><\/object><a id=\"wp-block-file--media-424fa5e5-e5a9-459c-8c94-703db35576ab\" href=\"https:\/\/kulturellevereinigung.ch\/wp-content\/uploads\/2023\/04\/Protokoll-der-HV-vom-4.5.2022.pdf\">Protokoll-der-HV-vom-4.5.2022<\/a><a href=\"https:\/\/kulturellevereinigung.ch\/wp-content\/uploads\/2023\/04\/Protokoll-der-HV-vom-4.5.2022.pdf\" class=\"wp-block-file__button wp-element-button\" download aria-describedby=\"wp-block-file--media-424fa5e5-e5a9-459c-8c94-703db35576ab\">Herunterladen<\/a><\/div>\n","protected":false},"excerpt":{"rendered":"<p>Mitgliederversammlung auf einer gemeinsamen Weinreise, \u00f6nologisch begleitet durch Francesco Benvenuto, Wine Director Hof, Grand Resort Mittwoch, 3. Mai 2023, 20.00 Uhr im Rainer-Maria-Rilke-Saal des Grand Resort Leider ist der Anlass ausgebucht. Liebe Mitglieder der Kulturellen Vereinigung von Bad Ragaz Wir laden Sie herzlich zur Mitgliederversammlung ein. Folgende ordentliche Traktanden gelangen zur Abwicklung: Das Protokoll der &hellip; <a href=\"https:\/\/kulturellevereinigung.ch\/?p=1087\" class=\"more-link\"><span class=\"screen-reader-text\">Mitgliederversammlung 3. Mai 2023 mit Wein-\u00dcberraschung! ausgebucht<\/span> weiterlesen <span class=\"meta-nav\">&rarr;<\/span><\/a><\/p>\n","protected":false},"author":2,"featured_media":0,"comment_status":"closed","ping_status":"closed","sticky":false,"template":"","format":"standard","meta":{"footnotes":""},"categories":[1],"tags":[],"class_list":["post-1087","post","type-post","status-publish","format-standard","hentry","category-allgemein"],"_links":{"self":[{"href":"https:\/\/kulturellevereinigung.ch\/index.php?rest_route=\/wp\/v2\/posts\/1087","targetHints":{"allow":["GET"]}}],"collection":[{"href":"https:\/\/kulturellevereinigung.ch\/index.php?rest_route=\/wp\/v2\/posts"}],"about":[{"href":"https:\/\/kulturellevereinigung.ch\/index.php?rest_route=\/wp\/v2\/types\/post"}],"author":[{"embeddable":true,"href":"https:\/\/kulturellevereinigung.ch\/index.php?rest_route=\/wp\/v2\/users\/2"}],"replies":[{"embeddable":true,"href":"https:\/\/kulturellevereinigung.ch\/index.php?rest_route=%2Fwp%2Fv2%2Fcomments&post=1087"}],"version-history":[{"count":5,"href":"https:\/\/kulturellevereinigung.ch\/index.php?rest_route=\/wp\/v2\/posts\/1087\/revisions"}],"predecessor-version":[{"id":1096,"href":"https:\/\/kulturellevereinigung.ch\/index.php?rest_route=\/wp\/v2\/posts\/1087\/revisions\/1096"}],"wp:attachment":[{"href":"https:\/\/kulturellevereinigung.ch\/index.php?rest_route=%2Fwp%2Fv2%2Fmedia&parent=1087"}],"wp:term":[{"taxonomy":"category","embeddable":true,"href":"https:\/\/kulturellevereinigung.ch\/index.php?rest_route=%2Fwp%2Fv2%2Fcategories&post=1087"},{"taxonomy":"post_tag","embeddable":true,"href":"https:\/\/kulturellevereinigung.ch\/index.php?rest_route=%2Fwp%2Fv2%2Ftags&post=1087"}],"curies":[{"name":"wp","href":"https:\/\/api.w.org\/{rel}","templated":true}]}}