{"id":1097,"date":"2023-05-05T08:34:42","date_gmt":"2023-05-05T08:34:42","guid":{"rendered":"https:\/\/kulturellevereinigung.ch\/?p=1097"},"modified":"2023-05-05T08:34:43","modified_gmt":"2023-05-05T08:34:43","slug":"rueckblick-mitgliederversammlung-3-mai-2023","status":"publish","type":"post","link":"https:\/\/kulturellevereinigung.ch\/?p=1097","title":{"rendered":"R\u00fcckblick Mitgliederversammlung 3. Mai 2023"},"content":{"rendered":"\n<p>Rund 45 Personen haben an der Mitgliederversammlung 2023 teilgenommen. Die Idee, jedes Traktandum mit einem Wein zu begleiten, stiess auf grossen Anklang.<\/p>\n\n\n\n<p>Francesco Benvenuto, Chef-Sommelier des Grand Resort Bad Ragaz, \u00fcberraschte das Publikum mit sehr speziellen Weinen: Von einem Bad Ragazer Freudenberger zu einer Fassprobe aus dem Weingut H\u00f6cklistein bis zu einem Appenzeller Malbec.<\/p>\n\n\n\n<p>Das neue Programm ist im Entstehen und wird im Laufe des Sp\u00e4tsommers 2023 publiziert.<\/p>\n\n\n\n<p>Der Vorstand w\u00fcnscht Ihnen einen kulturell reichen und sch\u00f6nen Sommer und freut sich, Sie sp\u00e4testens Ende September wieder willkommen zu heissen.<\/p>\n","protected":false},"excerpt":{"rendered":"<p>Rund 45 Personen haben an der Mitgliederversammlung 2023 teilgenommen. Die Idee, jedes Traktandum mit einem Wein zu begleiten, stiess auf grossen Anklang. Francesco Benvenuto, Chef-Sommelier des Grand Resort Bad Ragaz, \u00fcberraschte das Publikum mit sehr speziellen Weinen: Von einem Bad Ragazer Freudenberger zu einer Fassprobe aus dem Weingut H\u00f6cklistein bis zu einem Appenzeller Malbec. Das &hellip; <a href=\"https:\/\/kulturellevereinigung.ch\/?p=1097\" class=\"more-link\"><span class=\"screen-reader-text\">R\u00fcckblick Mitgliederversammlung 3. Mai 2023<\/span> weiterlesen <span class=\"meta-nav\">&rarr;<\/span><\/a><\/p>\n","protected":false},"author":2,"featured_media":0,"comment_status":"closed","ping_status":"closed","sticky":false,"template":"","format":"standard","meta":{"footnotes":""},"categories":[1],"tags":[],"class_list":["post-1097","post","type-post","status-publish","format-standard","hentry","category-allgemein"],"_links":{"self":[{"href":"https:\/\/kulturellevereinigung.ch\/index.php?rest_route=\/wp\/v2\/posts\/1097","targetHints":{"allow":["GET"]}}],"collection":[{"href":"https:\/\/kulturellevereinigung.ch\/index.php?rest_route=\/wp\/v2\/posts"}],"about":[{"href":"https:\/\/kulturellevereinigung.ch\/index.php?rest_route=\/wp\/v2\/types\/post"}],"author":[{"embeddable":true,"href":"https:\/\/kulturellevereinigung.ch\/index.php?rest_route=\/wp\/v2\/users\/2"}],"replies":[{"embeddable":true,"href":"https:\/\/kulturellevereinigung.ch\/index.php?rest_route=%2Fwp%2Fv2%2Fcomments&post=1097"}],"version-history":[{"count":2,"href":"https:\/\/kulturellevereinigung.ch\/index.php?rest_route=\/wp\/v2\/posts\/1097\/revisions"}],"predecessor-version":[{"id":1099,"href":"https:\/\/kulturellevereinigung.ch\/index.php?rest_route=\/wp\/v2\/posts\/1097\/revisions\/1099"}],"wp:attachment":[{"href":"https:\/\/kulturellevereinigung.ch\/index.php?rest_route=%2Fwp%2Fv2%2Fmedia&parent=1097"}],"wp:term":[{"taxonomy":"category","embeddable":true,"href":"https:\/\/kulturellevereinigung.ch\/index.php?rest_route=%2Fwp%2Fv2%2Fcategories&post=1097"},{"taxonomy":"post_tag","embeddable":true,"href":"https:\/\/kulturellevereinigung.ch\/index.php?rest_route=%2Fwp%2Fv2%2Ftags&post=1097"}],"curies":[{"name":"wp","href":"https:\/\/api.w.org\/{rel}","templated":true}]}}