{"id":1122,"date":"2023-09-07T06:19:20","date_gmt":"2023-09-07T06:19:20","guid":{"rendered":"https:\/\/kulturellevereinigung.ch\/?p=1122"},"modified":"2023-09-07T06:21:40","modified_gmt":"2023-09-07T06:21:40","slug":"neues-jahresprogramm-und-erster-anlass-mit-federica-de-cesco-am-27-9-23","status":"publish","type":"post","link":"https:\/\/kulturellevereinigung.ch\/?p=1122","title":{"rendered":"neues Jahresprogramm und erster Anlass mit Federica de Cesco am 27.9.23"},"content":{"rendered":"\n<h2 class=\"wp-block-heading\">neues Jahresprogramm, s. Lasche <\/h2>\n\n\n\n<h2 class=\"wp-block-heading\">Mittwoch, 27. September 2023, 20.00 Uhr<\/h2>\n\n\n\n<h2 class=\"wp-block-heading\">im Kursaal des Grand Resort Bad Ragaz<\/h2>\n\n\n\n<h1 class=\"wp-block-heading\"><strong>Eine Begegnung mit der Autorin Federica de Cesco<\/strong><\/h1>\n\n\n\n<p><br>Wer kennt sie nicht, die Schriftstellerin Federica de Cesco, die bereits im Alter von f\u00fcnfzehn Jahren ihren ersten Roman \u00abDer rote Seidenschal\u00bb schrieb und ihre Leserschaft bis heute begeistert. Es folgten viele weitere Jugendb\u00fccher, bis ihr 1994 mit \u00abSilbermuschel\u00bb, dem ersten Buch f\u00fcr Erwachsene, ein aufsehenerregendes Deb\u00fct in der Belletristik gelang.<\/p>\n\n\n\n<p>Bis heute verfasste sie insgesamt 82 Jugendb\u00fccher, 17 Romane f\u00fcr Erwachsene und 6 Sachb\u00fccher, zudem hat sie unter dem Titel \u00abFederica \u2013 mein Leben \u2013 ein Abenteuer\u00bb ihre vorl\u00e4ufige Autobiographie ver\u00f6ffentlicht.<\/p>\n\n\n\n<p>Die Autorin wird zwei Kurzgeschichten vortragen und aus ihrem spannenden Leben erz\u00e4hlen. Anschliessend beantwortet sie gerne Fragen aus dem Publikum.<\/p>\n\n\n\n<p><strong>Federica de Cesco<\/strong>, kam 1938 in Norditalien zur Welt und verbrachte ihre Kinder- und Jugendjahre in \u00c4thiopien, Frankreich, Norddeutschland und Belgien. Deshalb spricht sie neben Italienisch auch fliessend Deutsch und Franz\u00f6sisch. Sie studierte an der Universit\u00e4t L\u00fcttich Kunstgeschichte und Psychologie und zog 1962 in die Schweiz. Heute lebt Federica de Cesco mit ihrem Mann, dem japanischen Fotografen Kazuyuki Kitamura, in Luzern.<\/p>\n\n\n\n<p>Sie sind herzlich eingeladen (Kollekte)<\/p>\n\n\n\n<p><\/p>\n","protected":false},"excerpt":{"rendered":"<p>neues Jahresprogramm, s. Lasche Mittwoch, 27. September 2023, 20.00 Uhr im Kursaal des Grand Resort Bad Ragaz Eine Begegnung mit der Autorin Federica de Cesco Wer kennt sie nicht, die Schriftstellerin Federica de Cesco, die bereits im Alter von f\u00fcnfzehn Jahren ihren ersten Roman \u00abDer rote Seidenschal\u00bb schrieb und ihre Leserschaft bis heute begeistert. Es &hellip; <a href=\"https:\/\/kulturellevereinigung.ch\/?p=1122\" class=\"more-link\"><span class=\"screen-reader-text\">neues Jahresprogramm und erster Anlass mit Federica de Cesco am 27.9.23<\/span> weiterlesen <span class=\"meta-nav\">&rarr;<\/span><\/a><\/p>\n","protected":false},"author":2,"featured_media":0,"comment_status":"closed","ping_status":"closed","sticky":false,"template":"","format":"standard","meta":{"footnotes":""},"categories":[1],"tags":[],"class_list":["post-1122","post","type-post","status-publish","format-standard","hentry","category-allgemein"],"_links":{"self":[{"href":"https:\/\/kulturellevereinigung.ch\/index.php?rest_route=\/wp\/v2\/posts\/1122","targetHints":{"allow":["GET"]}}],"collection":[{"href":"https:\/\/kulturellevereinigung.ch\/index.php?rest_route=\/wp\/v2\/posts"}],"about":[{"href":"https:\/\/kulturellevereinigung.ch\/index.php?rest_route=\/wp\/v2\/types\/post"}],"author":[{"embeddable":true,"href":"https:\/\/kulturellevereinigung.ch\/index.php?rest_route=\/wp\/v2\/users\/2"}],"replies":[{"embeddable":true,"href":"https:\/\/kulturellevereinigung.ch\/index.php?rest_route=%2Fwp%2Fv2%2Fcomments&post=1122"}],"version-history":[{"count":2,"href":"https:\/\/kulturellevereinigung.ch\/index.php?rest_route=\/wp\/v2\/posts\/1122\/revisions"}],"predecessor-version":[{"id":1125,"href":"https:\/\/kulturellevereinigung.ch\/index.php?rest_route=\/wp\/v2\/posts\/1122\/revisions\/1125"}],"wp:attachment":[{"href":"https:\/\/kulturellevereinigung.ch\/index.php?rest_route=%2Fwp%2Fv2%2Fmedia&parent=1122"}],"wp:term":[{"taxonomy":"category","embeddable":true,"href":"https:\/\/kulturellevereinigung.ch\/index.php?rest_route=%2Fwp%2Fv2%2Fcategories&post=1122"},{"taxonomy":"post_tag","embeddable":true,"href":"https:\/\/kulturellevereinigung.ch\/index.php?rest_route=%2Fwp%2Fv2%2Ftags&post=1122"}],"curies":[{"name":"wp","href":"https:\/\/api.w.org\/{rel}","templated":true}]}}