{"id":1136,"date":"2023-11-13T07:51:27","date_gmt":"2023-11-13T07:51:27","guid":{"rendered":"https:\/\/kulturellevereinigung.ch\/?p=1136"},"modified":"2023-11-13T07:52:36","modified_gmt":"2023-11-13T07:52:36","slug":"vom-glueck-dem-universum-und-dem-menschen-vortrag-der-bekannten-astrophysikerin-dr-altwegg-23-11-23","status":"publish","type":"post","link":"https:\/\/kulturellevereinigung.ch\/?p=1136","title":{"rendered":"Vom Gl\u00fcck, dem Universum und dem Menschen: Vortrag der bekannten Astrophysikerin Dr. Altwegg, 23.11.23"},"content":{"rendered":"\n<h2 class=\"wp-block-heading\"><strong>Donnerstag, 23. November 2023, 20.00 Uhr<\/strong><strong><\/strong><\/h2>\n\n\n\n<p>im Kursaal des Grand Resort Bad Ragaz<\/p>\n\n\n\n<h2 class=\"wp-block-heading\"><strong>Wie viel Gl\u00fcck braucht es, dass es uns gibt \u2013<br>Geschichte des Universums und des Menschen<\/strong><\/h2>\n\n\n\n<h3 class=\"wp-block-heading\"><br>Prof. Dr. Kathrin Altwegg, Astrophysikerin, Bern<\/h3>\n\n\n\n<p>Ende M\u00e4rz hat die NASA angek\u00fcndigt, dass der 5000ste Planet ausserhalb des Sonnensystems entdeckt wurde. Man sch\u00e4tzt allerdings die Zahl der Planeten im Universum auf weit mehr als 10<sup>22<\/sup>. Warum haben wir dann die andern noch nicht geh\u00f6rt? Wo bleiben die Aliens? Wieviel Gl\u00fcck braucht es, dass es uns gibt? Eine kurze Geschichte des Universums, des Sonnensystems und des Lebens auf unserem Planeten bringt einige Antworten auf diese Fragen. Wie lange das Gl\u00fcck noch anh\u00e4lt, liegt in unseren H\u00e4nden, aber nicht nur. Dieser Vortrag soll einige Denkanst\u00f6sse zu uns Menschen und unserem astronomischen Umfeld geben.<\/p>\n\n\n\n<p>&nbsp;\u00a9 Nasa<img loading=\"lazy\" decoding=\"async\" width=\"150\" height=\"84\" class=\"wp-image-1137\" style=\"width: 150px;\" src=\"http:\/\/kulturellevereinigung.ch\/wp-content\/uploads\/2023\/11\/universe_planets-NASA.png\" alt=\"\" srcset=\"https:\/\/kulturellevereinigung.ch\/wp-content\/uploads\/2023\/11\/universe_planets-NASA.png 2048w, https:\/\/kulturellevereinigung.ch\/wp-content\/uploads\/2023\/11\/universe_planets-NASA-300x169.png 300w, https:\/\/kulturellevereinigung.ch\/wp-content\/uploads\/2023\/11\/universe_planets-NASA-1024x576.png 1024w, https:\/\/kulturellevereinigung.ch\/wp-content\/uploads\/2023\/11\/universe_planets-NASA-768x432.png 768w, https:\/\/kulturellevereinigung.ch\/wp-content\/uploads\/2023\/11\/universe_planets-NASA-1536x864.png 1536w\" sizes=\"auto, (max-width: 150px) 100vw, 150px\" \/><\/p>\n\n\n\n<p>Prof. Dr. Kathrin Altwegg, wohnhaft in Kehrsatz bei Bern, ist eine Schweizer&nbsp;<a href=\"https:\/\/de.wikipedia.org\/wiki\/Astrophysiker\">Astrophysikerin<\/a>, assoziierte Professorin an der Universit\u00e4t Bern, Projektleiterin des Massenspektometers Rosina und ehemalige Direktorin des&nbsp;<a href=\"https:\/\/de.wikipedia.org\/w\/index.php?title=Center_for_Space_and_Habitability&amp;action=edit&amp;redlink=1\">Center for Space and Habitability<\/a>&nbsp;(CSH) der&nbsp;<a href=\"https:\/\/de.wikipedia.org\/wiki\/Universit%C3%A4t_Bern\">Universit\u00e4t Bern<\/a>.&nbsp;Sie ist Mitglied der&nbsp;<a href=\"https:\/\/de.wikipedia.org\/wiki\/International_Astronomical_Union\">International Astronomical Union<\/a>.<\/p>\n\n\n\n<p>Sie und Ihre Freunde sind herzlich eingeladen.<\/p>\n\n\n\n<p>Eintritt frei\/Kollekte<\/p>\n","protected":false},"excerpt":{"rendered":"<p>Donnerstag, 23. November 2023, 20.00 Uhr im Kursaal des Grand Resort Bad Ragaz Wie viel Gl\u00fcck braucht es, dass es uns gibt \u2013Geschichte des Universums und des Menschen Prof. Dr. Kathrin Altwegg, Astrophysikerin, Bern Ende M\u00e4rz hat die NASA angek\u00fcndigt, dass der 5000ste Planet ausserhalb des Sonnensystems entdeckt wurde. Man sch\u00e4tzt allerdings die Zahl der &hellip; <a href=\"https:\/\/kulturellevereinigung.ch\/?p=1136\" class=\"more-link\"><span class=\"screen-reader-text\">Vom Gl\u00fcck, dem Universum und dem Menschen: Vortrag der bekannten Astrophysikerin Dr. Altwegg, 23.11.23<\/span> weiterlesen <span class=\"meta-nav\">&rarr;<\/span><\/a><\/p>\n","protected":false},"author":2,"featured_media":0,"comment_status":"closed","ping_status":"closed","sticky":false,"template":"","format":"standard","meta":{"footnotes":""},"categories":[1],"tags":[],"class_list":["post-1136","post","type-post","status-publish","format-standard","hentry","category-allgemein"],"_links":{"self":[{"href":"https:\/\/kulturellevereinigung.ch\/index.php?rest_route=\/wp\/v2\/posts\/1136","targetHints":{"allow":["GET"]}}],"collection":[{"href":"https:\/\/kulturellevereinigung.ch\/index.php?rest_route=\/wp\/v2\/posts"}],"about":[{"href":"https:\/\/kulturellevereinigung.ch\/index.php?rest_route=\/wp\/v2\/types\/post"}],"author":[{"embeddable":true,"href":"https:\/\/kulturellevereinigung.ch\/index.php?rest_route=\/wp\/v2\/users\/2"}],"replies":[{"embeddable":true,"href":"https:\/\/kulturellevereinigung.ch\/index.php?rest_route=%2Fwp%2Fv2%2Fcomments&post=1136"}],"version-history":[{"count":2,"href":"https:\/\/kulturellevereinigung.ch\/index.php?rest_route=\/wp\/v2\/posts\/1136\/revisions"}],"predecessor-version":[{"id":1139,"href":"https:\/\/kulturellevereinigung.ch\/index.php?rest_route=\/wp\/v2\/posts\/1136\/revisions\/1139"}],"wp:attachment":[{"href":"https:\/\/kulturellevereinigung.ch\/index.php?rest_route=%2Fwp%2Fv2%2Fmedia&parent=1136"}],"wp:term":[{"taxonomy":"category","embeddable":true,"href":"https:\/\/kulturellevereinigung.ch\/index.php?rest_route=%2Fwp%2Fv2%2Fcategories&post=1136"},{"taxonomy":"post_tag","embeddable":true,"href":"https:\/\/kulturellevereinigung.ch\/index.php?rest_route=%2Fwp%2Fv2%2Ftags&post=1136"}],"curies":[{"name":"wp","href":"https:\/\/api.w.org\/{rel}","templated":true}]}}