{"id":1141,"date":"2023-12-06T09:36:34","date_gmt":"2023-12-06T09:36:34","guid":{"rendered":"https:\/\/kulturellevereinigung.ch\/?p=1141"},"modified":"2023-12-22T14:22:05","modified_gmt":"2023-12-22T14:22:05","slug":"festtage-und-kultur","status":"publish","type":"post","link":"https:\/\/kulturellevereinigung.ch\/?p=1141","title":{"rendered":"Festtage und Kultur"},"content":{"rendered":"\n<p>Liebe Mitglieder der Kulturellen Vereinigung<\/p>\n\n\n\n<p>Wir w\u00fcnschen Ihnen angenehme kultur-freudige und -fr\u00f6hliche Festtage und im kommenden neuen Jahr alles Gute. Ein bunter Strauss an Kultur m\u00f6ge Sie im 2024 begl\u00fccken.<\/p>\n\n\n\n<p>Wir freuen uns, Sie an einem unserer n\u00e4chsten Anl\u00e4sse im sch\u00f6nen Kursaal willkommen zu heissen. Es erwartet Sie am Freitag, 19.1.24, ein spannendes Referat des Direktors des Zoo Z\u00fcrich, Dr. Severin Dressen.<\/p>\n\n\n\n<p>im Namen des Vorstands, Renato Bergamin<\/p>\n","protected":false},"excerpt":{"rendered":"<p>Liebe Mitglieder der Kulturellen Vereinigung Wir w\u00fcnschen Ihnen angenehme kultur-freudige und -fr\u00f6hliche Festtage und im kommenden neuen Jahr alles Gute. Ein bunter Strauss an Kultur m\u00f6ge Sie im 2024 begl\u00fccken. Wir freuen uns, Sie an einem unserer n\u00e4chsten Anl\u00e4sse im sch\u00f6nen Kursaal willkommen zu heissen. Es erwartet Sie am Freitag, 19.1.24, ein spannendes Referat des &hellip; <a href=\"https:\/\/kulturellevereinigung.ch\/?p=1141\" class=\"more-link\"><span class=\"screen-reader-text\">Festtage und Kultur<\/span> weiterlesen <span class=\"meta-nav\">&rarr;<\/span><\/a><\/p>\n","protected":false},"author":2,"featured_media":0,"comment_status":"closed","ping_status":"closed","sticky":false,"template":"","format":"standard","meta":{"footnotes":""},"categories":[1],"tags":[],"class_list":["post-1141","post","type-post","status-publish","format-standard","hentry","category-allgemein"],"_links":{"self":[{"href":"https:\/\/kulturellevereinigung.ch\/index.php?rest_route=\/wp\/v2\/posts\/1141","targetHints":{"allow":["GET"]}}],"collection":[{"href":"https:\/\/kulturellevereinigung.ch\/index.php?rest_route=\/wp\/v2\/posts"}],"about":[{"href":"https:\/\/kulturellevereinigung.ch\/index.php?rest_route=\/wp\/v2\/types\/post"}],"author":[{"embeddable":true,"href":"https:\/\/kulturellevereinigung.ch\/index.php?rest_route=\/wp\/v2\/users\/2"}],"replies":[{"embeddable":true,"href":"https:\/\/kulturellevereinigung.ch\/index.php?rest_route=%2Fwp%2Fv2%2Fcomments&post=1141"}],"version-history":[{"count":2,"href":"https:\/\/kulturellevereinigung.ch\/index.php?rest_route=\/wp\/v2\/posts\/1141\/revisions"}],"predecessor-version":[{"id":1144,"href":"https:\/\/kulturellevereinigung.ch\/index.php?rest_route=\/wp\/v2\/posts\/1141\/revisions\/1144"}],"wp:attachment":[{"href":"https:\/\/kulturellevereinigung.ch\/index.php?rest_route=%2Fwp%2Fv2%2Fmedia&parent=1141"}],"wp:term":[{"taxonomy":"category","embeddable":true,"href":"https:\/\/kulturellevereinigung.ch\/index.php?rest_route=%2Fwp%2Fv2%2Fcategories&post=1141"},{"taxonomy":"post_tag","embeddable":true,"href":"https:\/\/kulturellevereinigung.ch\/index.php?rest_route=%2Fwp%2Fv2%2Ftags&post=1141"}],"curies":[{"name":"wp","href":"https:\/\/api.w.org\/{rel}","templated":true}]}}