{"id":1146,"date":"2024-01-04T10:27:02","date_gmt":"2024-01-04T10:27:02","guid":{"rendered":"https:\/\/kulturellevereinigung.ch\/?p=1146"},"modified":"2024-01-04T10:27:04","modified_gmt":"2024-01-04T10:27:04","slug":"zoo-zuerich-der-direktor-bei-uns-zu-gast-am-19-1-24","status":"publish","type":"post","link":"https:\/\/kulturellevereinigung.ch\/?p=1146","title":{"rendered":"Zoo Z\u00fcrich: der Direktor bei uns zu Gast am 19.1.24"},"content":{"rendered":"\n<h2 class=\"wp-block-heading\"><strong>Freitag, 19. Januar 2024, 20.00 Uhr<\/strong><\/h2>\n\n\n\n<h3 class=\"wp-block-heading\">Im Kursaal des Grand Resort Bad Ragaz<\/h3>\n\n\n\n<h2 class=\"wp-block-heading\"><strong>Zoo Z\u00fcrich \u2013<\/strong><\/h2>\n\n\n\n<h1 class=\"wp-block-heading\"><strong>Herausforderungen eines modernen Zoos<\/strong><\/h1>\n\n\n\n<h4 class=\"wp-block-heading\">Dr. Severin Dressen, Direktor Z\u00fcrcher Zoo<\/h4>\n\n\n\n<p>Die Frage nach dem Zoo wird immer kontroverser diskutiert. Wo die einen den Wert des Zoos f\u00fcr Bildung und Artenschutz hervorheben, fragen andere kritisch: Wie l\u00e4sst es sich rechtfertigen, Wildtiere wie Elefanten, Giraffen oder Menschenaffen lebenslang ihrer Bewegungsfreiheit zu berauben? Sie in Gehegen oft auch noch K\u00e4figen, als Objekte des Staunens zu pr\u00e4sentieren? Was spricht aus ethischer und \u00e4sthetischer Perspektive gegen einen Zoo \u2013 was daf\u00fcr?<\/p>\n\n\n\n<p>Severin Dressen wird in seinem Referat \u00fcber die Geschichte und Entwicklung des Zoo Z\u00fcrich sowie \u00fcber die generelle Rolle der Zoologischen G\u00e4rten in der Gesellschaft sprechen. Er informiert \u00fcber die vier Hauptaufgaben eines modernen Zoos \u2013 Artenschutz, Naturschutz, Forschung und Bildung &#8211; und zeigt unter anderem dabei auf, wie Zoos zum Erhalt der Natur beitragen und wie sie bei ihren Besuchern und Besucherinnen das Verst\u00e4ndnis f\u00fcr die Natur und den Naturschutz f\u00f6rdern k\u00f6nnen.<\/p>\n\n\n\n<p><strong>Dr. Severin Dressen<\/strong> ist 1988 in K\u00f6ln geboren und in Aachen aufgewachsen. Er studierte Biologie an der Humboldt-Universit\u00e4t in Berlin und am Imperial College in London. Danach promovierte er in Zoologie an der Universit\u00e4t Oxford. F\u00fcr Severin Dressen stand fr\u00fch das Wunschberufsfeld \u00abZoo\u00bb fest. Er sammelte deshalb parallel zum theorieorientierten Studium praktische Erfahrungen, darunter in meh\u00adreren Eins\u00e4tzen in der Tierpflege und als Kurator-Assistent in Deutschland und Spanien (Tierpark Berlin, Zoo Frankfurt, Loro Parque Teneriffa, L\u2019Oceanografic Valencia). In Argentinien sammelte er unter ander\u00adem im Nationalpark El Palmar Erfahrungen in der Arbeit in Naturschutzprojekten. Nach seiner Promotion wechselte Severin Dressen zur\u00fcck nach Deutschland, um im Zoo Wuppertal die Stelle als Kurator und einige Jahre sp\u00e4ter als stellvertretender Direktor und Zoologischer Leiter zu \u00fcbernehmen. Seit Juli 2020 ist er Direktor des Zoo Z\u00fcrich und lebt mit seiner Frau und seinen drei Kindern in Z\u00fcrich.<\/p>\n\n\n\n<p>Sie und Ihre Freunde sind herzlich eingeladen. Eintritt frei\/Kollekte<\/p>\n","protected":false},"excerpt":{"rendered":"<p>Freitag, 19. Januar 2024, 20.00 Uhr Im Kursaal des Grand Resort Bad Ragaz Zoo Z\u00fcrich \u2013 Herausforderungen eines modernen Zoos Dr. Severin Dressen, Direktor Z\u00fcrcher Zoo Die Frage nach dem Zoo wird immer kontroverser diskutiert. Wo die einen den Wert des Zoos f\u00fcr Bildung und Artenschutz hervorheben, fragen andere kritisch: Wie l\u00e4sst es sich rechtfertigen, &hellip; <a href=\"https:\/\/kulturellevereinigung.ch\/?p=1146\" class=\"more-link\"><span class=\"screen-reader-text\">Zoo Z\u00fcrich: der Direktor bei uns zu Gast am 19.1.24<\/span> weiterlesen <span class=\"meta-nav\">&rarr;<\/span><\/a><\/p>\n","protected":false},"author":2,"featured_media":0,"comment_status":"closed","ping_status":"closed","sticky":false,"template":"","format":"standard","meta":{"footnotes":""},"categories":[1],"tags":[],"class_list":["post-1146","post","type-post","status-publish","format-standard","hentry","category-allgemein"],"_links":{"self":[{"href":"https:\/\/kulturellevereinigung.ch\/index.php?rest_route=\/wp\/v2\/posts\/1146","targetHints":{"allow":["GET"]}}],"collection":[{"href":"https:\/\/kulturellevereinigung.ch\/index.php?rest_route=\/wp\/v2\/posts"}],"about":[{"href":"https:\/\/kulturellevereinigung.ch\/index.php?rest_route=\/wp\/v2\/types\/post"}],"author":[{"embeddable":true,"href":"https:\/\/kulturellevereinigung.ch\/index.php?rest_route=\/wp\/v2\/users\/2"}],"replies":[{"embeddable":true,"href":"https:\/\/kulturellevereinigung.ch\/index.php?rest_route=%2Fwp%2Fv2%2Fcomments&post=1146"}],"version-history":[{"count":1,"href":"https:\/\/kulturellevereinigung.ch\/index.php?rest_route=\/wp\/v2\/posts\/1146\/revisions"}],"predecessor-version":[{"id":1147,"href":"https:\/\/kulturellevereinigung.ch\/index.php?rest_route=\/wp\/v2\/posts\/1146\/revisions\/1147"}],"wp:attachment":[{"href":"https:\/\/kulturellevereinigung.ch\/index.php?rest_route=%2Fwp%2Fv2%2Fmedia&parent=1146"}],"wp:term":[{"taxonomy":"category","embeddable":true,"href":"https:\/\/kulturellevereinigung.ch\/index.php?rest_route=%2Fwp%2Fv2%2Fcategories&post=1146"},{"taxonomy":"post_tag","embeddable":true,"href":"https:\/\/kulturellevereinigung.ch\/index.php?rest_route=%2Fwp%2Fv2%2Ftags&post=1146"}],"curies":[{"name":"wp","href":"https:\/\/api.w.org\/{rel}","templated":true}]}}