{"id":1159,"date":"2024-02-05T07:25:09","date_gmt":"2024-02-05T07:25:09","guid":{"rendered":"https:\/\/kulturellevereinigung.ch\/?p=1159"},"modified":"2024-02-05T07:25:59","modified_gmt":"2024-02-05T07:25:59","slug":"enzo-enea-traumhafte-und-visionaere-gaerten-zeitungsbericht-sarganserlaender-vom-2-2-24","status":"publish","type":"post","link":"https:\/\/kulturellevereinigung.ch\/?p=1159","title":{"rendered":"Enzo Enea: traumhafte und vision\u00e4re G\u00e4rten &#8211; Zeitungsbericht Sarganserl\u00e4nder vom 2.2.24"},"content":{"rendered":"\n<div data-wp-interactive=\"core\/file\" class=\"wp-block-file\"><object data-wp-bind--hidden=\"!state.hasPdfPreview\" hidden class=\"wp-block-file__embed\" data=\"https:\/\/kulturellevereinigung.ch\/wp-content\/uploads\/2024\/02\/2024-02-02_BerichtSL_Vortrag_Enzo_Enea.pdf\" type=\"application\/pdf\" style=\"width:100%;height:600px\" aria-label=\"Einbettung von 2024-02-02_BerichtSL_Vortrag_Enzo_Enea.\"><\/object><a id=\"wp-block-file--media-c1a90f3f-fd6c-438a-b5be-5947c851dbc2\" href=\"https:\/\/kulturellevereinigung.ch\/wp-content\/uploads\/2024\/02\/2024-02-02_BerichtSL_Vortrag_Enzo_Enea.pdf\">2024-02-02_BerichtSL_Vortrag_Enzo_Enea<\/a><a href=\"https:\/\/kulturellevereinigung.ch\/wp-content\/uploads\/2024\/02\/2024-02-02_BerichtSL_Vortrag_Enzo_Enea.pdf\" class=\"wp-block-file__button wp-element-button\" download aria-describedby=\"wp-block-file--media-c1a90f3f-fd6c-438a-b5be-5947c851dbc2\">Herunterladen<\/a><\/div>\n","protected":false},"excerpt":{"rendered":"","protected":false},"author":2,"featured_media":0,"comment_status":"closed","ping_status":"closed","sticky":false,"template":"","format":"standard","meta":{"footnotes":""},"categories":[1],"tags":[],"class_list":["post-1159","post","type-post","status-publish","format-standard","hentry","category-allgemein"],"_links":{"self":[{"href":"https:\/\/kulturellevereinigung.ch\/index.php?rest_route=\/wp\/v2\/posts\/1159","targetHints":{"allow":["GET"]}}],"collection":[{"href":"https:\/\/kulturellevereinigung.ch\/index.php?rest_route=\/wp\/v2\/posts"}],"about":[{"href":"https:\/\/kulturellevereinigung.ch\/index.php?rest_route=\/wp\/v2\/types\/post"}],"author":[{"embeddable":true,"href":"https:\/\/kulturellevereinigung.ch\/index.php?rest_route=\/wp\/v2\/users\/2"}],"replies":[{"embeddable":true,"href":"https:\/\/kulturellevereinigung.ch\/index.php?rest_route=%2Fwp%2Fv2%2Fcomments&post=1159"}],"version-history":[{"count":1,"href":"https:\/\/kulturellevereinigung.ch\/index.php?rest_route=\/wp\/v2\/posts\/1159\/revisions"}],"predecessor-version":[{"id":1161,"href":"https:\/\/kulturellevereinigung.ch\/index.php?rest_route=\/wp\/v2\/posts\/1159\/revisions\/1161"}],"wp:attachment":[{"href":"https:\/\/kulturellevereinigung.ch\/index.php?rest_route=%2Fwp%2Fv2%2Fmedia&parent=1159"}],"wp:term":[{"taxonomy":"category","embeddable":true,"href":"https:\/\/kulturellevereinigung.ch\/index.php?rest_route=%2Fwp%2Fv2%2Fcategories&post=1159"},{"taxonomy":"post_tag","embeddable":true,"href":"https:\/\/kulturellevereinigung.ch\/index.php?rest_route=%2Fwp%2Fv2%2Ftags&post=1159"}],"curies":[{"name":"wp","href":"https:\/\/api.w.org\/{rel}","templated":true}]}}