{"id":1218,"date":"2024-11-27T13:59:42","date_gmt":"2024-11-27T13:59:42","guid":{"rendered":"https:\/\/kulturellevereinigung.ch\/?p=1218"},"modified":"2024-11-27T14:25:27","modified_gmt":"2024-11-27T14:25:27","slug":"bericht-ueber-das-referat-ramspeck-zum-thema","status":"publish","type":"post","link":"https:\/\/kulturellevereinigung.ch\/?p=1218","title":{"rendered":"Bericht \u00fcber das Referat Ramspeck zum Thema"},"content":{"rendered":"\n<h2 class=\"wp-block-heading\">Verdankenswerterweise hat Dr. J\u00fcrg Kesselring f\u00fcr die Kulturelle Vereinigung im Sarganserl\u00e4nder geschrieben.<\/h2>\n\n\n\n<div data-wp-interactive=\"core\/file\" class=\"wp-block-file\"><object data-wp-bind--hidden=\"!state.hasPdfPreview\" hidden class=\"wp-block-file__embed\" data=\"http:\/\/kulturellevereinigung.ch\/wp-content\/uploads\/2024\/11\/2024-11-27-Bericht-Ramspeck-Sarganserlaender.pdf\" type=\"application\/pdf\" style=\"width:100%;height:600px\" aria-label=\"Einbettung von 2024 11 27 Bericht Ramspeck Sarganserl\u00e4nder.\"><\/object><a id=\"wp-block-file--media-cb8e9d7f-6160-4a6e-a2a2-3bdad7e16459\" href=\"http:\/\/kulturellevereinigung.ch\/wp-content\/uploads\/2024\/11\/2024-11-27-Bericht-Ramspeck-Sarganserlaender.pdf\">2024 11 27 Bericht Ramspeck Sarganserl\u00e4nder<\/a><a href=\"http:\/\/kulturellevereinigung.ch\/wp-content\/uploads\/2024\/11\/2024-11-27-Bericht-Ramspeck-Sarganserlaender.pdf\" class=\"wp-block-file__button wp-element-button\" download aria-describedby=\"wp-block-file--media-cb8e9d7f-6160-4a6e-a2a2-3bdad7e16459\">Herunterladen<\/a><\/div>\n","protected":false},"excerpt":{"rendered":"<p>Verdankenswerterweise hat Dr. J\u00fcrg Kesselring f\u00fcr die Kulturelle Vereinigung im Sarganserl\u00e4nder geschrieben.<\/p>\n","protected":false},"author":2,"featured_media":0,"comment_status":"closed","ping_status":"closed","sticky":false,"template":"","format":"standard","meta":{"footnotes":""},"categories":[1],"tags":[],"class_list":["post-1218","post","type-post","status-publish","format-standard","hentry","category-allgemein"],"_links":{"self":[{"href":"https:\/\/kulturellevereinigung.ch\/index.php?rest_route=\/wp\/v2\/posts\/1218","targetHints":{"allow":["GET"]}}],"collection":[{"href":"https:\/\/kulturellevereinigung.ch\/index.php?rest_route=\/wp\/v2\/posts"}],"about":[{"href":"https:\/\/kulturellevereinigung.ch\/index.php?rest_route=\/wp\/v2\/types\/post"}],"author":[{"embeddable":true,"href":"https:\/\/kulturellevereinigung.ch\/index.php?rest_route=\/wp\/v2\/users\/2"}],"replies":[{"embeddable":true,"href":"https:\/\/kulturellevereinigung.ch\/index.php?rest_route=%2Fwp%2Fv2%2Fcomments&post=1218"}],"version-history":[{"count":2,"href":"https:\/\/kulturellevereinigung.ch\/index.php?rest_route=\/wp\/v2\/posts\/1218\/revisions"}],"predecessor-version":[{"id":1221,"href":"https:\/\/kulturellevereinigung.ch\/index.php?rest_route=\/wp\/v2\/posts\/1218\/revisions\/1221"}],"wp:attachment":[{"href":"https:\/\/kulturellevereinigung.ch\/index.php?rest_route=%2Fwp%2Fv2%2Fmedia&parent=1218"}],"wp:term":[{"taxonomy":"category","embeddable":true,"href":"https:\/\/kulturellevereinigung.ch\/index.php?rest_route=%2Fwp%2Fv2%2Fcategories&post=1218"},{"taxonomy":"post_tag","embeddable":true,"href":"https:\/\/kulturellevereinigung.ch\/index.php?rest_route=%2Fwp%2Fv2%2Ftags&post=1218"}],"curies":[{"name":"wp","href":"https:\/\/api.w.org\/{rel}","templated":true}]}}