{"id":1226,"date":"2025-01-06T10:06:57","date_gmt":"2025-01-06T10:06:57","guid":{"rendered":"https:\/\/kulturellevereinigung.ch\/?p=1226"},"modified":"2025-01-06T10:06:58","modified_gmt":"2025-01-06T10:06:58","slug":"15-1-25-prof-dr-reto-knutti-herausforderung-klimawandel-unangenehmen-wahrheiten-ins-auge-sehen","status":"publish","type":"post","link":"https:\/\/kulturellevereinigung.ch\/?p=1226","title":{"rendered":"15.1.25: Prof. Dr. Reto Knutti, &#8222;Herausforderung Klimawandel \u2013 unangenehmen Wahrheiten ins Auge sehen&#8220;"},"content":{"rendered":"\n<h2 class=\"wp-block-heading\"><strong>Die Kulturelle Vereinigung l\u00e4dt in Zusammenarbeit mit dem Verein proRagaz\u00a0 <\/strong><em>(www:proR.ch)<\/em> <strong>zum n\u00e4chsten Vortrag ein.<\/strong><\/h2>\n\n\n\n<h2 class=\"wp-block-heading\">Mittwoch, 15. Januar 2025, 20.00 Uhr im Kursaal des Grand Resort Bad Ragaz<\/h2>\n\n\n\n<p>Reto Knutti gilt als einer der weltweit f\u00fchrenden Klimaforscher. Er ist kein Ideologe, sondern Physiker, der sich entschied, sich auf die Klimafrage zu spezialisieren. Reto Knutti verbindet seit langem die \u00e4usserste intellektuelle Anstrengung des Wissenschaftlers mit der Zivilcourage des Zeitgenossen, seine Erkenntnisse, welche f\u00fcr uns alle von h\u00f6chster Relevanz sind, ob gelegen oder ungelegen &#8211; \u00f6ffentlich darzustellen. Er ist kein Forscher im Elfenbeinturm, sondern er vermittelt seine Erkenntnisse durch unz\u00e4hlige Vortr\u00e4ge, Interviews, Berichte und Publikationen und erreicht mit seinen pr\u00e4gnanten Formulierungen auch ein forschungsferneres Publikum in der breiten \u00d6ffentlichkeit.<\/p>\n\n\n\n<p>Reto Knutti studierte Physik an der Universit\u00e4t Bern. 2002 promovierte er bei Prof. Thomas Stocker an der Universit\u00e4t Bern. Seit 2016 ist er ordentlicher Professor f\u00fcr Klimaphysik an der ETH Z\u00fcrich.<\/p>\n\n\n\n<p>Zu seinen Forschungsschwerpunkten z\u00e4hlen Ver\u00e4nderungen im Klimasystem durch Treibhausgase sowie die Weiterentwicklung, Bewertung und Anwendung von Klimamodellen.<\/p>\n\n\n\n<p>Knutti gilt auch als ein bedeutendes Mitglied des IPCC (Weltklimarat der UNO mit mehr als 190 Mitgliedsl\u00e4ndern). Seit 2001 wirkte er beim IPCC u.a. als Autor, Mit- und Leitautor an den verschiedensten Kapiteln und Sachstandsberichten \u00fcber \u00abProjektionen zuk\u00fcnftiger Klimaentwicklungen\u00bb, \u00abGlobale Klimaprojektionen\u00bb, \u00abLangzeit-Klimawandel\u00bb usw\u2026. mit.<\/p>\n\n\n\n<p>2018 wurde er f\u00fcr seine Forschungen sowie seine Wissenschaftskommunikation mit dem Preis der Stiftung Dr. J.E. Brandenberger ausgezeichnet, einem der h\u00f6chsten Stiftungspreise in der Schweiz.<\/p>\n\n\n\n<p>Die Kulturelle Vereinigung und der Verein Pro Ragaz laden Sie und Ihre Freunde herzlich zu diesem Vortrag ein.<\/p>\n\n\n\n<p>Eintritt frei \/ Kollekte<\/p>\n","protected":false},"excerpt":{"rendered":"<p>Die Kulturelle Vereinigung l\u00e4dt in Zusammenarbeit mit dem Verein proRagaz\u00a0 (www:proR.ch) zum n\u00e4chsten Vortrag ein. Mittwoch, 15. Januar 2025, 20.00 Uhr im Kursaal des Grand Resort Bad Ragaz Reto Knutti gilt als einer der weltweit f\u00fchrenden Klimaforscher. Er ist kein Ideologe, sondern Physiker, der sich entschied, sich auf die Klimafrage zu spezialisieren. Reto Knutti verbindet &hellip; <a href=\"https:\/\/kulturellevereinigung.ch\/?p=1226\" class=\"more-link\"><span class=\"screen-reader-text\">15.1.25: Prof. Dr. Reto Knutti, &#8222;Herausforderung Klimawandel \u2013 unangenehmen Wahrheiten ins Auge sehen&#8220;<\/span> weiterlesen <span class=\"meta-nav\">&rarr;<\/span><\/a><\/p>\n","protected":false},"author":2,"featured_media":0,"comment_status":"closed","ping_status":"closed","sticky":false,"template":"","format":"standard","meta":{"footnotes":""},"categories":[1],"tags":[],"class_list":["post-1226","post","type-post","status-publish","format-standard","hentry","category-allgemein"],"_links":{"self":[{"href":"https:\/\/kulturellevereinigung.ch\/index.php?rest_route=\/wp\/v2\/posts\/1226","targetHints":{"allow":["GET"]}}],"collection":[{"href":"https:\/\/kulturellevereinigung.ch\/index.php?rest_route=\/wp\/v2\/posts"}],"about":[{"href":"https:\/\/kulturellevereinigung.ch\/index.php?rest_route=\/wp\/v2\/types\/post"}],"author":[{"embeddable":true,"href":"https:\/\/kulturellevereinigung.ch\/index.php?rest_route=\/wp\/v2\/users\/2"}],"replies":[{"embeddable":true,"href":"https:\/\/kulturellevereinigung.ch\/index.php?rest_route=%2Fwp%2Fv2%2Fcomments&post=1226"}],"version-history":[{"count":1,"href":"https:\/\/kulturellevereinigung.ch\/index.php?rest_route=\/wp\/v2\/posts\/1226\/revisions"}],"predecessor-version":[{"id":1227,"href":"https:\/\/kulturellevereinigung.ch\/index.php?rest_route=\/wp\/v2\/posts\/1226\/revisions\/1227"}],"wp:attachment":[{"href":"https:\/\/kulturellevereinigung.ch\/index.php?rest_route=%2Fwp%2Fv2%2Fmedia&parent=1226"}],"wp:term":[{"taxonomy":"category","embeddable":true,"href":"https:\/\/kulturellevereinigung.ch\/index.php?rest_route=%2Fwp%2Fv2%2Fcategories&post=1226"},{"taxonomy":"post_tag","embeddable":true,"href":"https:\/\/kulturellevereinigung.ch\/index.php?rest_route=%2Fwp%2Fv2%2Ftags&post=1226"}],"curies":[{"name":"wp","href":"https:\/\/api.w.org\/{rel}","templated":true}]}}