{"id":1229,"date":"2025-01-16T14:45:49","date_gmt":"2025-01-16T14:45:49","guid":{"rendered":"https:\/\/kulturellevereinigung.ch\/?p=1229"},"modified":"2025-01-17T07:47:56","modified_gmt":"2025-01-17T07:47:56","slug":"bericht-zum-vortrag-klimaforscher-prof-dr-reto-knutti","status":"publish","type":"post","link":"https:\/\/kulturellevereinigung.ch\/?p=1229","title":{"rendered":"Bericht zum Vortrag Klimaforscher Prof. Dr. Reto Knutti &#8211; 250 G\u00e4ste folgten den Ausf\u00fchrungen"},"content":{"rendered":"\n<p>J\u00fcrg Kesselring hat freundlicherweise f\u00fcr den Sarganserl\u00e4nder geschrieben.<\/p>\n\n\n\n<div data-wp-interactive=\"core\/file\" class=\"wp-block-file\"><object data-wp-bind--hidden=\"!state.hasPdfPreview\" hidden class=\"wp-block-file__embed\" data=\"https:\/\/kulturellevereinigung.ch\/wp-content\/uploads\/2025\/01\/2025-01-17_Bericht-Vortrag-Knutti.pdf\" type=\"application\/pdf\" style=\"width:100%;height:600px\" aria-label=\"Einbettung von 2025-01-17_Bericht Vortrag Knutti.\"><\/object><a id=\"wp-block-file--media-6c765ab2-97b0-436e-a94f-96e48d5d8225\" href=\"https:\/\/kulturellevereinigung.ch\/wp-content\/uploads\/2025\/01\/2025-01-17_Bericht-Vortrag-Knutti.pdf\">2025-01-17_Bericht Vortrag Knutti<\/a><a href=\"https:\/\/kulturellevereinigung.ch\/wp-content\/uploads\/2025\/01\/2025-01-17_Bericht-Vortrag-Knutti.pdf\" class=\"wp-block-file__button wp-element-button\" download aria-describedby=\"wp-block-file--media-6c765ab2-97b0-436e-a94f-96e48d5d8225\">Herunterladen<\/a><\/div>\n","protected":false},"excerpt":{"rendered":"<p>J\u00fcrg Kesselring hat freundlicherweise f\u00fcr den Sarganserl\u00e4nder geschrieben.<\/p>\n","protected":false},"author":2,"featured_media":0,"comment_status":"closed","ping_status":"closed","sticky":false,"template":"","format":"standard","meta":{"footnotes":""},"categories":[1],"tags":[],"class_list":["post-1229","post","type-post","status-publish","format-standard","hentry","category-allgemein"],"_links":{"self":[{"href":"https:\/\/kulturellevereinigung.ch\/index.php?rest_route=\/wp\/v2\/posts\/1229","targetHints":{"allow":["GET"]}}],"collection":[{"href":"https:\/\/kulturellevereinigung.ch\/index.php?rest_route=\/wp\/v2\/posts"}],"about":[{"href":"https:\/\/kulturellevereinigung.ch\/index.php?rest_route=\/wp\/v2\/types\/post"}],"author":[{"embeddable":true,"href":"https:\/\/kulturellevereinigung.ch\/index.php?rest_route=\/wp\/v2\/users\/2"}],"replies":[{"embeddable":true,"href":"https:\/\/kulturellevereinigung.ch\/index.php?rest_route=%2Fwp%2Fv2%2Fcomments&post=1229"}],"version-history":[{"count":3,"href":"https:\/\/kulturellevereinigung.ch\/index.php?rest_route=\/wp\/v2\/posts\/1229\/revisions"}],"predecessor-version":[{"id":1235,"href":"https:\/\/kulturellevereinigung.ch\/index.php?rest_route=\/wp\/v2\/posts\/1229\/revisions\/1235"}],"wp:attachment":[{"href":"https:\/\/kulturellevereinigung.ch\/index.php?rest_route=%2Fwp%2Fv2%2Fmedia&parent=1229"}],"wp:term":[{"taxonomy":"category","embeddable":true,"href":"https:\/\/kulturellevereinigung.ch\/index.php?rest_route=%2Fwp%2Fv2%2Fcategories&post=1229"},{"taxonomy":"post_tag","embeddable":true,"href":"https:\/\/kulturellevereinigung.ch\/index.php?rest_route=%2Fwp%2Fv2%2Ftags&post=1229"}],"curies":[{"name":"wp","href":"https:\/\/api.w.org\/{rel}","templated":true}]}}