{"id":1323,"date":"2026-03-03T07:41:50","date_gmt":"2026-03-03T07:41:50","guid":{"rendered":"https:\/\/kulturellevereinigung.ch\/?p=1323"},"modified":"2026-03-03T07:46:06","modified_gmt":"2026-03-03T07:46:06","slug":"zeitungsartikel-de-weck-und-neuer-vortrag-am-18-3-26-ein-davoser-weltbuerger-im-sudan","status":"publish","type":"post","link":"https:\/\/kulturellevereinigung.ch\/?p=1323","title":{"rendered":"Zeitungsartikel De Weck und neuer Vortrag am 18.3.26: Ein Davoser Weltb\u00fcrger im Sudan"},"content":{"rendered":"\n<h2 class=\"wp-block-heading\"><strong>Conradin Perner \u2013 ein Davoser Weltenb\u00fcrger<\/strong>:<br><strong>Erlebnisse und ungew\u00f6hnliche T\u00e4tigkeiten an schwer zug\u00e4nglichen Orten wie<\/strong><br><strong>dem S\u00fcdsudan<\/strong><\/h2>\n\n\n\n<h4 class=\"wp-block-heading\">Mittwoch, 18. M\u00e4rz 2026, 20.00 Uhr, Kursaal Grand Resort Bad Ragaz<\/h4>\n\n\n\n<p>Im Gespr\u00e4ch mit dem Neurologen Prof. J\u00fcrg Kesselring erz\u00e4hlt der weltgewandte Davoser Conradin Perner \u00fcber seine vielf\u00e4ltigen Erlebnissen und ungew\u00f6hnlichen&nbsp; T\u00e4tigkeiten an oft nur schwer zug\u00e4nglichen Orten.<\/p>\n\n\n\n<p>Conradin Perner studierte franz\u00f6sische und schwedische Literatur in Frankreich, Schweden und Z\u00fcrich und promovierte in vergleichender Literaturwissenschaft mit einer Studie \u00fcber den schwedischen Dichter Gunnar Ekel\u00f6f; als Professor f\u00fcr franz\u00f6sische Literatur lehrte er an den Universit\u00e4ten von Kisangani (Kongo) und Khartum (Sudan), sp\u00e4ter als Gastprofessor f\u00fcr Ethnologie an den Universit\u00e4ten Nanterre und La Sorbonne in Paris.<\/p>\n\n\n\n<p>Conradin Perner wirkte als <em>Delegierter des Internationalen Komitee vom Roten Kreuz<\/em> in Bangladesch, Vietnam, Indien, Afghanistan, den f\u00fcnf L\u00e4ndern Zentralasiens, im Kongo-Brazzaville und im Sudan, als <em>Berater von Unicef<\/em> im S\u00fcdsudan und als <em>Kommandant einer internationalen Friedenstruppe in den Nuba Bergen<\/em> im Sudan.<\/p>\n\n\n\n<p>Im S\u00fcdsudan, einer der abgelegensten Regionen Afrikas, forschte er \u00fcber Sprache, Kultur und m\u00fcndliche Literatur des Volkes der <em>Anyuak.<\/em> Eine achtb\u00e4ndige Monographie und ein umfassendes W\u00f6rterbuch zeugen von dieser 15 Jahre dauernden, auch physisch sehr anspruchsvollen Forschungsarbeit. Die Anyuak nannten Conradin Perner \u00ab<em>Kwacakworo<\/em>\u00bb (\u00abLeopard\u00bb), ein Name, der ihn fortan \u00fcberall hin begleiten sollte.<\/p>\n\n\n\n<p>W\u00e4hrend seinen letzten Jahre im S\u00fcdsudan leitete Conradin Perner als <em>Friedensberater der Schweizer Regierung<\/em> das \u00abHouse of Nationalities\u00bb-Projekt, welches versuchte, die verfeindeten V\u00f6lker im S\u00fcdsudan durch Begegnungen zu vereinen und kulturellen Frieden zu schaffen.<\/p>\n\n\n\n<p>F\u00fcr seine wissenschaftlichen Arbeiten und f\u00fcr seinen humanit\u00e4ren, mutigen Einsatz w\u00e4hrend des B\u00fcrgerkriegs im Sudan (besonders die dramatische Rettung von \u00fcber 10&#8217;000 Kindersoldaten) wurde Conradin Perner von der Stadt Austin in Amerika mit einem \u00abhumanitarian Award\u00bb geehrt und nach der Gr\u00fcndung des S\u00fcdsudans zum Ehrenb\u00fcrger des neuen Staates ernannt.<\/p>\n\n\n\n<p>Nach seiner Pensionierung verfasste Conradin Perner eine ausf\u00fchrliche Forschungsbiographie \u00fcber seine Zeit im S\u00fcdsudan und schrieb \u00fcber seine aufw\u00fchlenden Erlebnisse im Krieg w\u00e4hrend&nbsp; seiner langj\u00e4hrigen Arbeit f\u00fcr das IKRK.<\/p>\n\n\n\n<p>Mehr \u00fcber Conradin Perner auf <a href=\"http:\/\/www.kwacakworo.com\"><em>www.kwacakworo.com<\/em><\/a>.<\/p>\n\n\n\n<p>Nehmen Sie teil an den Erlebnissen und Eindr\u00fccke von Conradin Perner. Erfahren Sie<\/p>\n\n\n\n<p>was ihn motivierte und wie er jetzt auf sein vielf\u00e4ltiges Leben zur\u00fcckblickt, nachdem<\/p>\n\n\n\n<p>er sich wieder in das Haus seiner Grosseltern in Davos zur\u00fcckgezogen hat. Eine kurze Lesung aus seinem Erz\u00e4hlband wird den Abend bereichern.<\/p>\n\n\n\n<p>Sie und Ihre Freunde sind herzlich eingeladen.<\/p>\n\n\n\n<p>Eintritt frei\/Kollekte<\/p>\n\n\n\n<div data-wp-interactive=\"core\/file\" class=\"wp-block-file\"><object data-wp-bind--hidden=\"!state.hasPdfPreview\" hidden class=\"wp-block-file__embed\" data=\"https:\/\/kulturellevereinigung.ch\/wp-content\/uploads\/2026\/03\/2026-03-02_Artikel-de-Weck-S-Laender-1.pdf\" type=\"application\/pdf\" style=\"width:100%;height:600px\" aria-label=\"Einbettung von 2026-03-02_Artikel de Weck S-L\u00e4nder.\"><\/object><a id=\"wp-block-file--media-14794766-94d5-4a99-965b-b0a853180ca1\" href=\"https:\/\/kulturellevereinigung.ch\/wp-content\/uploads\/2026\/03\/2026-03-02_Artikel-de-Weck-S-Laender-1.pdf\">2026-03-02_Artikel de Weck S-L\u00e4nder<\/a><a href=\"https:\/\/kulturellevereinigung.ch\/wp-content\/uploads\/2026\/03\/2026-03-02_Artikel-de-Weck-S-Laender-1.pdf\" class=\"wp-block-file__button wp-element-button\" download aria-describedby=\"wp-block-file--media-14794766-94d5-4a99-965b-b0a853180ca1\">Herunterladen<\/a><\/div>\n","protected":false},"excerpt":{"rendered":"<p>Conradin Perner \u2013 ein Davoser Weltenb\u00fcrger:Erlebnisse und ungew\u00f6hnliche T\u00e4tigkeiten an schwer zug\u00e4nglichen Orten wiedem S\u00fcdsudan Mittwoch, 18. M\u00e4rz 2026, 20.00 Uhr, Kursaal Grand Resort Bad Ragaz Im Gespr\u00e4ch mit dem Neurologen Prof. J\u00fcrg Kesselring erz\u00e4hlt der weltgewandte Davoser Conradin Perner \u00fcber seine vielf\u00e4ltigen Erlebnissen und ungew\u00f6hnlichen&nbsp; T\u00e4tigkeiten an oft nur schwer zug\u00e4nglichen Orten. Conradin Perner &hellip; <a href=\"https:\/\/kulturellevereinigung.ch\/?p=1323\" class=\"more-link\"><span class=\"screen-reader-text\">Zeitungsartikel De Weck und neuer Vortrag am 18.3.26: Ein Davoser Weltb\u00fcrger im Sudan<\/span> weiterlesen <span class=\"meta-nav\">&rarr;<\/span><\/a><\/p>\n","protected":false},"author":2,"featured_media":0,"comment_status":"closed","ping_status":"closed","sticky":false,"template":"","format":"standard","meta":{"footnotes":""},"categories":[1],"tags":[],"class_list":["post-1323","post","type-post","status-publish","format-standard","hentry","category-allgemein"],"_links":{"self":[{"href":"https:\/\/kulturellevereinigung.ch\/index.php?rest_route=\/wp\/v2\/posts\/1323","targetHints":{"allow":["GET"]}}],"collection":[{"href":"https:\/\/kulturellevereinigung.ch\/index.php?rest_route=\/wp\/v2\/posts"}],"about":[{"href":"https:\/\/kulturellevereinigung.ch\/index.php?rest_route=\/wp\/v2\/types\/post"}],"author":[{"embeddable":true,"href":"https:\/\/kulturellevereinigung.ch\/index.php?rest_route=\/wp\/v2\/users\/2"}],"replies":[{"embeddable":true,"href":"https:\/\/kulturellevereinigung.ch\/index.php?rest_route=%2Fwp%2Fv2%2Fcomments&post=1323"}],"version-history":[{"count":3,"href":"https:\/\/kulturellevereinigung.ch\/index.php?rest_route=\/wp\/v2\/posts\/1323\/revisions"}],"predecessor-version":[{"id":1330,"href":"https:\/\/kulturellevereinigung.ch\/index.php?rest_route=\/wp\/v2\/posts\/1323\/revisions\/1330"}],"wp:attachment":[{"href":"https:\/\/kulturellevereinigung.ch\/index.php?rest_route=%2Fwp%2Fv2%2Fmedia&parent=1323"}],"wp:term":[{"taxonomy":"category","embeddable":true,"href":"https:\/\/kulturellevereinigung.ch\/index.php?rest_route=%2Fwp%2Fv2%2Fcategories&post=1323"},{"taxonomy":"post_tag","embeddable":true,"href":"https:\/\/kulturellevereinigung.ch\/index.php?rest_route=%2Fwp%2Fv2%2Ftags&post=1323"}],"curies":[{"name":"wp","href":"https:\/\/api.w.org\/{rel}","templated":true}]}}