{"id":291,"date":"2015-10-29T15:17:15","date_gmt":"2015-10-29T15:17:15","guid":{"rendered":"http:\/\/kulturellevereinigung.ch\/?p=291"},"modified":"2015-11-10T12:55:59","modified_gmt":"2015-11-10T12:55:59","slug":"8-11-2015-17-00-uhr-vortrag-thema-inseln-des-nordens","status":"publish","type":"post","link":"https:\/\/kulturellevereinigung.ch\/?p=291","title":{"rendered":"Zeitungsbericht zum Vortrag &#8222;Inseln des Nordens&#8220;"},"content":{"rendered":"<p>\u00abEin erbarmungslos sch\u00f6nes Winterwunderland\u00bb<br \/>\nIm Rahmen der Vortragsreihe der Kulturellen Vereinigung Bad Ragaz pr\u00e4sentierten am Sonntag im vollen Kursaal Olaf Kr\u00fcger, Fotojournalist und Buchautor und Kerstin Langenberger, Naturfotografin, eine faszinierende Multivisionsschau \u00fcber die Inseln des hohen Nordens.<br \/>\nvon Hans Hidber<\/p>\n<p>Bad Ragaz. \u2013 Das war eine eindr\u00fcckliche und faszinierende Schau mit noch kaum je gesehenen Bildern \u00fcber Land, Leute und Tiere rund um den Polarkreis. Olaf Kr\u00fcger und Kerstin Langenberger verbindet die Begeisterung f\u00fcr die Natur und Kultur des Nordens. Sie wechselten sich im Kommentar zu den gezeigten Sequenzen ab, soweit nicht zum Teil eigens daf\u00fcr komponierte Musik, krachende Ger\u00e4usche abbrechender Eisberge oder gewaltige Eruptionen eines Feuer und Rauch speienden Vulkans im Originalton zu h\u00f6ren waren. Ein Zufall brachte Kerstin Langenberger vor zehn Jahren nach Island, worauf sie sich \u00abHals \u00fcber Kopf\u00bb in Skandinavien verliebte. \u00abEs er\u00f6ffnete sich mir eine neue Welt aus ehrfurchtgebietende Unermesslichkeit einsamer Berge, Fjorde und Gletscher \u2013 eine Welt, in der ich zu Hause bin.\u00bb Als Fotojournalist hat Olaf Kr\u00fcger auch schon unz\u00e4hlige Reisen nach Indien unternommen; hier ging es aber um den hohen Norden. Die packende Multivisionsschau ist die Frucht umtriebiger sechsj\u00e4hriger gemeinsamer Recherchenjahre.<\/p>\n<p>Rund um den Polarkreis<br \/>\nDie eindr\u00fccklichen Bilder und Filmsequenzen entf\u00fchrten in eine ganz andere Welt. Island, das sagenhafte Naturwunder aus Feuer und Eis. Gr\u00f6nland, die Heimat der Inuit, die Far\u00f6erinseln mit ihren ber\u00fchmten Steilk\u00fcsten und die Lofoten, wo vor allem die Dorschfischer zu Hause sind, w\u00e4hrend auf Spitzbergen Tierfotografen ein wahres arktisches Eldorado finden. Kerstin Langenberger, die nach eigenem Bekunden ungew\u00f6hnliche Jobs liebt, bet\u00e4tigte sich auch als Hundeschlittenf\u00fchrerin in Norwegen sowie als Fotografin, Guide und Assistant Leader auf Expeditions- und Kreuzfahrtsschiffen in der Arktis und Antarktis. Ebenfalls liess sich f\u00fcr den Eisb\u00e4ren-Begleitschutz auf Spitzbergen ausbilden \u2013 ein nicht gerade allt\u00e4glicher Frauenjob. So bekam sie Eisb\u00e4ren in n\u00e4chster N\u00e4he vor die Kamera, aber auch Seehunde und andere Bewohner der Arktis. Eindr\u00fccklich aber auch die Bilder \u00fcber das k\u00e4rgliche Leben der Inuit in Gr\u00f6nland (indigene Volksgruppen unter dem Oberbegriff \u00abEskimos\u00bb), die nur vom Fischfang leben und w\u00e4hrend vier Monaten keine Sonne sehen.<\/p>\n<p>Faszinierende Naturph\u00e4nomene<br \/>\nBilder von fast apokalyptischer Erscheinung zeigten einen gewaltigen Vulkanausbruch. Ungeheure Rauchwolkent\u00fcrme, die den Tag zur Nacht werden liessen, Lavastr\u00f6me und das bedrohliche Grollen und die Explosionsger\u00e4usche der Eruptionen zeigten die Hilflosigkeit der Menschen gegen\u00fcber solchen Naturereignissen. Betroffen wird jeweils besonders die Landwirtschaft wegen der Aschenschicht auf den Feldern und dem freigesetzten Fluor, das in die Gew\u00e4sser gelangt. Friedlicher dann die einmaligen Bilder \u00fcber die Nordlichter und S\u00fcdlichter unter dem Oberbegriff Polarlichter.<br \/>\nSie geh\u00f6ren zu den faszinierendsten Naturerscheinungen. Aber auch die Eislandschaften mit den bizarren Eisbergen, die Eisinseln, auf denen Eisb\u00e4ren zu beobachten sind, dann der Kontrast des blauen Himmels und des Wassers zum dominierenden Weiss der Gletscher. \u00abEin erbarmungslos sch\u00f6nes Winterwunderland\u00bb, charakterisierte Kerstin Langenberger zum Abschluss die Schnee- und Eislandschaft rund um den Polarkreis \u2013 ein Gebiet, das sie wohl nie mehr losl\u00e4sst, und Olaf Kr\u00fcger wohl auch nicht.<\/p>\n<p><a href=\"http:\/\/kulturellevereinigung.ch\/wp-content\/uploads\/2015\/10\/Inseln_desNordens_Plakat_A1_Motiv1.jpg\"><img loading=\"lazy\" decoding=\"async\" class=\"wp-image-293 aligncenter\" src=\"http:\/\/kulturellevereinigung.ch\/wp-content\/uploads\/2015\/10\/Inseln_desNordens_Plakat_A1_Motiv1.jpg\" alt=\"Inseln_desNordens_Plakat_A1_Motiv\" width=\"349\" height=\"495\" \/><\/a><\/p>\n","protected":false},"excerpt":{"rendered":"<p>\u00abEin erbarmungslos sch\u00f6nes Winterwunderland\u00bb Im Rahmen der Vortragsreihe der Kulturellen Vereinigung Bad Ragaz pr\u00e4sentierten am Sonntag im vollen Kursaal Olaf Kr\u00fcger, Fotojournalist und Buchautor und Kerstin Langenberger, Naturfotografin, eine faszinierende Multivisionsschau \u00fcber die Inseln des hohen Nordens. von Hans Hidber Bad Ragaz. \u2013 Das war eine eindr\u00fcckliche und faszinierende Schau mit noch kaum je gesehenen &hellip; <a href=\"https:\/\/kulturellevereinigung.ch\/?p=291\" class=\"more-link\"><span class=\"screen-reader-text\">Zeitungsbericht zum Vortrag &#8222;Inseln des Nordens&#8220;<\/span> weiterlesen <span class=\"meta-nav\">&rarr;<\/span><\/a><\/p>\n","protected":false},"author":2,"featured_media":0,"comment_status":"closed","ping_status":"closed","sticky":false,"template":"","format":"standard","meta":{"footnotes":""},"categories":[1],"tags":[],"class_list":["post-291","post","type-post","status-publish","format-standard","hentry","category-allgemein"],"_links":{"self":[{"href":"https:\/\/kulturellevereinigung.ch\/index.php?rest_route=\/wp\/v2\/posts\/291","targetHints":{"allow":["GET"]}}],"collection":[{"href":"https:\/\/kulturellevereinigung.ch\/index.php?rest_route=\/wp\/v2\/posts"}],"about":[{"href":"https:\/\/kulturellevereinigung.ch\/index.php?rest_route=\/wp\/v2\/types\/post"}],"author":[{"embeddable":true,"href":"https:\/\/kulturellevereinigung.ch\/index.php?rest_route=\/wp\/v2\/users\/2"}],"replies":[{"embeddable":true,"href":"https:\/\/kulturellevereinigung.ch\/index.php?rest_route=%2Fwp%2Fv2%2Fcomments&post=291"}],"version-history":[{"count":6,"href":"https:\/\/kulturellevereinigung.ch\/index.php?rest_route=\/wp\/v2\/posts\/291\/revisions"}],"predecessor-version":[{"id":301,"href":"https:\/\/kulturellevereinigung.ch\/index.php?rest_route=\/wp\/v2\/posts\/291\/revisions\/301"}],"wp:attachment":[{"href":"https:\/\/kulturellevereinigung.ch\/index.php?rest_route=%2Fwp%2Fv2%2Fmedia&parent=291"}],"wp:term":[{"taxonomy":"category","embeddable":true,"href":"https:\/\/kulturellevereinigung.ch\/index.php?rest_route=%2Fwp%2Fv2%2Fcategories&post=291"},{"taxonomy":"post_tag","embeddable":true,"href":"https:\/\/kulturellevereinigung.ch\/index.php?rest_route=%2Fwp%2Fv2%2Ftags&post=291"}],"curies":[{"name":"wp","href":"https:\/\/api.w.org\/{rel}","templated":true}]}}