{"id":336,"date":"2016-02-08T09:24:14","date_gmt":"2016-02-08T09:24:14","guid":{"rendered":"http:\/\/kulturellevereinigung.ch\/?p=336"},"modified":"2016-02-08T09:24:57","modified_gmt":"2016-02-08T09:24:57","slug":"freitag-eine-erfolgsgeschichte-zeitungsbericht-zum-vortrag","status":"publish","type":"post","link":"https:\/\/kulturellevereinigung.ch\/?p=336","title":{"rendered":"FREITAG &#8211; eine Erfolgsgeschichte : Zeitungsbericht zum Vortrag"},"content":{"rendered":"<h2>Die FREITAG-Tasche, eine Erfolgsgeschichte<\/h2>\n<h3>Mit ihrem Auftritt bescherten die beiden Br\u00fcder Markus und Daniel Freitag, Erfinder der weltweit zum Kultobjekt gewordenen FREITAG-Tasche, der Kulturellen Vereinigung Bad Ragaz einen vollen Kursaal. Schon die witzige Art der Pr\u00e4sentation im Doppelpack bot einen hohen Unterhaltungswert.<br \/>\nvon Hans Hidber<\/h3>\n<p>Bad Ragaz. \u2013 \u00abFull house\u00bb stellte Renato Bergamin, Pr\u00e4sident der Kulturellen Vereinigung bei der Begr\u00fcssung der beiden Referenten und des zahlreich erschienenen Publikums mit Freude fest. Der Grafikdesigner Daniel und der Ausstellungs- und Dekorationsgestalter Markus Freitag kamen 1993 als erst gut 20-J\u00e4hrige auf die Idee, aus LKW-Planen, Fahrradschl\u00e4uchen, Autogurten und Airbags Taschen f\u00fcr verschiedene Verwendungszwecke herzustellen. Dazu inspiriert wurden sie durch den enormen Fernlastverkehr auf der Z\u00fcrcher Hardbr\u00fccke im Blickfeld aus ihrer WG-K\u00fcche \u2013 t\u00e4glich Tausende Lastwagen mit Planen unterschiedlichster Farben und Beschriftungen. Die erste Kuriertasche F13 TOP CAT war den New Yorker Fahrradkuriertaschen nachempfunden, im Laufe der Jahre entwickelten die Br\u00fcder Freitag \u00fcber 40 Modelle verschiedener Kaliber in \u00abun\u00fcbertrefflicher Funktionalit\u00e4t und mit der Patina ihres fr\u00fcheren \u2018Lebens\u2019\u00bb, so Renato Bergamin in seiner Einf\u00fchrung.<\/p>\n<p>Zuerst auf Mutters N\u00e4hmaschine<br \/>\nDer Vortrag begann ganz unkonventionell mit einer Publikumsbefragung \u00fcber die interessierenden Themen, die angesprochen werden sollten. Der eine fragte, der andere notierte die Stichworte auf gelben post-its, die am Referentenpult aufgeklebt und im Verlaufe des Abends \u00ababgearbeitet\u00bb wurden. Das erste Bild auf der Bildschirmpr\u00e4sentation war symptomatisch f\u00fcr das h\u00f6chst erfolgreiche Wirken des Br\u00fcderpaars: Als noch kleine Knirpse waren sie in einem Karussellauto mit zwei Steuerr\u00e4dern zu sehen. Bereits auf ihre Kindheit zur\u00fcck geht auch ihr Interesse am Recycling, so sammelten sie schon fr\u00fch Alteisen aus den f\u00fcr die \u00abG\u00fcselabfuhr\u00bb bereitgestellten Abf\u00e4llen; ebenso wurden sie im famili\u00e4ren Umfeld f\u00fcr den schonenden Umgang mit nat\u00fcrlichen Ressourcen sensibilisiert. Die ersten Taschen n\u00e4hten sie noch mit Mutters N\u00e4hmaschine in ihrer WG zusammen. Eine robuste und leistungsf\u00e4hige \u00abAdler\u00bb-N\u00e4hmaschine war denn auch ihre erste gr\u00f6ssere Investition.<\/p>\n<p>Jede Tasche ein Unikat<br \/>\nDie beiden Br\u00fcder schilderten auf spannende und auch witzige Weise, wie sich ihre Firma aus bescheidenen Anf\u00e4ngen am K\u00fcchentisch der WG zum heutigen Unternehmen mit 150 Besch\u00e4ftigten entwickelte, das j\u00e4hrlich 350 Tonnen Lkw-Planen, 18 0000 Fahrradschl\u00e4uche und 150 000 Autogurten verarbeitet und rund 300 000 Taschen verkauft. Die Fabrik \u2013 Design, Produktion, Verpackung, Lager, B\u00fcro fand bis 2011 auf dem Z\u00fcrcher Maag-Areal statt und anschliessend in Z\u00fcrich-Oerlikon im Gewerbehaus NOERD. Nach dem Waschen und Zerlegen der Planen werden die Taschen immer noch von Hand zugeschnitten, denn jede Tasche ist ein Unikat. Eines der Erfolgsgeheimnisse ist die Verbindung von origineller \u00c4sthetik, Funktionalit\u00e4t und qualitativer Nachhaltigkeit. Und immer wieder werden neue Designs und Formate kreiert. Die FREITAG-Kulttasche wird weltweit in 460 Gesch\u00e4ften und 10 \u00abFlagshipstores\u00bb vertrieben. Beim Bahnhof Hardbr\u00fccke ragen 17 aufeinander gestapelte Fracht-Container 26 Meter hoch in den Himmel. Sie beherbergen mit 1&#8217;600 Taschen auf vier Ebenen die gr\u00f6sste Auswahl an \u00abIndividual Recycled Freewaybags\u00bb.<\/p>\n<p>Kompostierbare Hosen?<br \/>\nSeit 2014 stellt Freitag auch Kleider aus dem neuen Material F-ABRIC her: Selbst entwickelte Textilien aus Bastfasern, Leinen und Modal, in Europa mit minimalem Ressourceneinsatz produziert und biologisch abbaubar. Sie wurden w\u00e4hrend Monaten auf ihre Robustheit, Tragkomfort, Partytauglichkeit und andere Eigenschaften getestet. Denn auch f\u00fcr dieses Produkt gilt es, den hohen Qualit\u00e4tsanforderungen zu gen\u00fcgen und erst noch gut auszusehen. Im Gegensatz zu den unverw\u00fcstlichen Taschen, die wohl in Ewigkeit nie verrotten, k\u00f6nnen diese Textilien nach jahrelangem Tragen einmal ohne Bedenken dem Kompost anvertraut werden, das ungiftige Material ist vollst\u00e4ndig abbaubar. Hosen auf dem Kompost? Kein Witz. Am Schluss der Veranstaltung wurden die anwesenden Freitag-Fans eingeladen, ihre allf\u00e4llig mitgebrachten Taschen zu einem Stelldichein auf der B\u00fchne zu deponieren. Ein einmaliges, entsprechend eifrig fotografiertes Taschentreffen.<br \/>\nBox<\/p>\n<p>Auf dem Boden geblieben<br \/>\nIm Schlusswort hielt Renato Bergamin fest, dass der unglaubliche Erfolg der FREITAG-Tasche ihren Erfindern nicht in den Kopf gestiegen ist. \u00abSie sind auf dem Boden geblieben.\u00bb Davon konnte sich auch das Publikum \u00fcberzeugen, das immer wieder zum Schmunzeln und Lachen kam. Markus und Daniel Freitag fahren mit dem Velo zur Arbeit und widmen sich voll der kreativen Weiterentwicklung ihrer Produkte, begeben sich auch auf Marketingtour ins Ausland. Als sich die Firma immer mehr zu einem respektablen Unternehmen entwickelte, kauften sie sich jene Bereiche zu, die sie nicht selber abdecken wollten und konnten: Finanzen, Human Resources, Gesch\u00e4ftsleitung. Beide wollen als Designer, Grafiker bzw. Ausstellungs- und Dekorationsgestalter t\u00e4tig bleiben und nicht \u00abim Administrativen versinken und Sitzungen leiten\u00bb.<\/p>\n<p><a href=\"http:\/\/kulturellevereinigung.ch\/wp-content\/uploads\/2016\/02\/Gebr\u00fcder-Freitag.jpg\" rel=\"attachment wp-att-337\"><img loading=\"lazy\" decoding=\"async\" class=\"alignnone size-medium wp-image-337\" src=\"http:\/\/kulturellevereinigung.ch\/wp-content\/uploads\/2016\/02\/Gebr\u00fcder-Freitag-300x200.jpg\" alt=\"Gebr\u00fcder Freitag\" width=\"300\" height=\"200\" srcset=\"https:\/\/kulturellevereinigung.ch\/wp-content\/uploads\/2016\/02\/Gebr\u00fcder-Freitag-300x200.jpg 300w, https:\/\/kulturellevereinigung.ch\/wp-content\/uploads\/2016\/02\/Gebr\u00fcder-Freitag-768x512.jpg 768w, https:\/\/kulturellevereinigung.ch\/wp-content\/uploads\/2016\/02\/Gebr\u00fcder-Freitag-1024x683.jpg 1024w\" sizes=\"auto, (max-width: 300px) 100vw, 300px\" \/><\/a><br \/>\nKommen beim Publikum gut an: Die Br\u00fcder Markus (links) und Daniel Freitag, Erfinder der FREITAG-Taschen.<\/p>\n<p><a href=\"http:\/\/kulturellevereinigung.ch\/wp-content\/uploads\/2016\/02\/Freitag-Taschen.jpg\" rel=\"attachment wp-att-338\"><img loading=\"lazy\" decoding=\"async\" class=\"alignnone size-medium wp-image-338\" src=\"http:\/\/kulturellevereinigung.ch\/wp-content\/uploads\/2016\/02\/Freitag-Taschen-300x167.jpg\" alt=\"Freitag-Taschen\" width=\"300\" height=\"167\" srcset=\"https:\/\/kulturellevereinigung.ch\/wp-content\/uploads\/2016\/02\/Freitag-Taschen-300x167.jpg 300w, https:\/\/kulturellevereinigung.ch\/wp-content\/uploads\/2016\/02\/Freitag-Taschen-768x429.jpg 768w, https:\/\/kulturellevereinigung.ch\/wp-content\/uploads\/2016\/02\/Freitag-Taschen-1024x572.jpg 1024w\" sizes=\"auto, (max-width: 300px) 100vw, 300px\" \/><\/a><\/p>\n<p>Einmaliges Taschentreffen: Freitags-Fans haben ihre mitgebrachten Kulttaschen auf der B\u00fchne deponiert. Bilder Hans Hidber<\/p>\n","protected":false},"excerpt":{"rendered":"<p>Die FREITAG-Tasche, eine Erfolgsgeschichte Mit ihrem Auftritt bescherten die beiden Br\u00fcder Markus und Daniel Freitag, Erfinder der weltweit zum Kultobjekt gewordenen FREITAG-Tasche, der Kulturellen Vereinigung Bad Ragaz einen vollen Kursaal. Schon die witzige Art der Pr\u00e4sentation im Doppelpack bot einen hohen Unterhaltungswert. von Hans Hidber Bad Ragaz. \u2013 \u00abFull house\u00bb stellte Renato Bergamin, Pr\u00e4sident der &hellip; <a href=\"https:\/\/kulturellevereinigung.ch\/?p=336\" class=\"more-link\"><span class=\"screen-reader-text\">FREITAG &#8211; eine Erfolgsgeschichte : Zeitungsbericht zum Vortrag<\/span> weiterlesen <span class=\"meta-nav\">&rarr;<\/span><\/a><\/p>\n","protected":false},"author":2,"featured_media":0,"comment_status":"closed","ping_status":"closed","sticky":false,"template":"","format":"standard","meta":{"footnotes":""},"categories":[1],"tags":[],"class_list":["post-336","post","type-post","status-publish","format-standard","hentry","category-allgemein"],"_links":{"self":[{"href":"https:\/\/kulturellevereinigung.ch\/index.php?rest_route=\/wp\/v2\/posts\/336","targetHints":{"allow":["GET"]}}],"collection":[{"href":"https:\/\/kulturellevereinigung.ch\/index.php?rest_route=\/wp\/v2\/posts"}],"about":[{"href":"https:\/\/kulturellevereinigung.ch\/index.php?rest_route=\/wp\/v2\/types\/post"}],"author":[{"embeddable":true,"href":"https:\/\/kulturellevereinigung.ch\/index.php?rest_route=\/wp\/v2\/users\/2"}],"replies":[{"embeddable":true,"href":"https:\/\/kulturellevereinigung.ch\/index.php?rest_route=%2Fwp%2Fv2%2Fcomments&post=336"}],"version-history":[{"count":3,"href":"https:\/\/kulturellevereinigung.ch\/index.php?rest_route=\/wp\/v2\/posts\/336\/revisions"}],"predecessor-version":[{"id":341,"href":"https:\/\/kulturellevereinigung.ch\/index.php?rest_route=\/wp\/v2\/posts\/336\/revisions\/341"}],"wp:attachment":[{"href":"https:\/\/kulturellevereinigung.ch\/index.php?rest_route=%2Fwp%2Fv2%2Fmedia&parent=336"}],"wp:term":[{"taxonomy":"category","embeddable":true,"href":"https:\/\/kulturellevereinigung.ch\/index.php?rest_route=%2Fwp%2Fv2%2Fcategories&post=336"},{"taxonomy":"post_tag","embeddable":true,"href":"https:\/\/kulturellevereinigung.ch\/index.php?rest_route=%2Fwp%2Fv2%2Ftags&post=336"}],"curies":[{"name":"wp","href":"https:\/\/api.w.org\/{rel}","templated":true}]}}