{"id":375,"date":"2016-05-16T09:22:04","date_gmt":"2016-05-16T09:22:04","guid":{"rendered":"http:\/\/kulturellevereinigung.ch\/?p=375"},"modified":"2016-05-16T09:22:04","modified_gmt":"2016-05-16T09:22:04","slug":"zeitungsbericht-hv-2016-saisonschluss-und-aussichten-20162017","status":"publish","type":"post","link":"https:\/\/kulturellevereinigung.ch\/?p=375","title":{"rendered":"Zeitungsbericht HV 2016: Saisonschluss und Aussichten 2016\/2017"},"content":{"rendered":"<h5><strong>Saisonschluss, Lieder und Neuwahl<\/strong><\/h5>\n<h6>Die HV der Kulturellen Vereinigung Bad Ragaz zum kulturellen Saisonschluss 2015\/2016 wurde musikalische vom Duo BeDa (Beda Zimmermann und Daniel Brantschen) umrahmt. F\u00fcr die demissionierende Vreni Wick wurde Marco Della Santa neu in den Vorstand gew\u00e4hlt.<\/h6>\n<p>von Hans Hidber<\/p>\n<p>&nbsp;<\/p>\n<p>Bad Ragaz. \u2013 Eine HV der Kulturellen Vereinigung mit bloss trockenen statutarischen Traktanden w\u00e4re nicht denkbar. So hat sich auch diesmal der Vorstand etwas einfallen lassen, diesen Anlass zum Saisonschluss mit einer kulturellen Darbietung zu umrahmen. Das Duo BeDa brauchte nicht n\u00e4her vorgestellt zu werden. Seit mehr als 15 Jahren besingt der Lied-Erfinder oder Lieder-Finder Beda Zimmermann, immer einf\u00fchlsam und subtil begleitet vom Gitarristen Dani Brantschen in heiteren, auch melancholischen und tiefsinnigen Texten Allt\u00e4gliches, unerf\u00fcllte Sehns\u00fcchte, Kurioses oder auch Unsinniges, verpackt in Wortspielereien in der Dialektmischung von Vilters (Herkunft) und Flums-Kleinberg (Wohnsitz). Im ersten Liederblock vor dem gesch\u00e4ftlichen Teil war der Wonnemonat Mai das Liedthema, mit Liebessehnsucht als roter Faden. Falls aufgrund seiner katzgrauen bis weissen Frisur Zweifel an der Realit\u00e4t seiner gesungenen Liebesglut aufkommen sollten \u2013 es seien halt alte Lieder aus einer Zeit, \u00abwo alles noch zusammenpasste\u00bb, so Zimmermann.<\/p>\n<p>&nbsp;<\/p>\n<p><strong>Ein gefreuter R\u00fcckblick<\/strong><\/p>\n<p>Vereinspr\u00e4sident Renato Bergamin, der seiner Begr\u00fcssung auch General Manager Peter P. Tschirky vom Grand Resort und den Gemeindepr\u00e4sidenten von Bad Ragaz, Daniel B\u00fchler, willkommen heissen durfte, konnte in seinem Jahresbericht wieder auf verschiedene Highlights der nun abgeschlossenen Saison 2015\/16 zur\u00fcckblicken. \u00abDen Anspruch, ein spannendes Programm zu bieten, erheben wir zwar jedes Jahr \u2013 aber diesmal gab es Ausserordentliches und zum Teil Erstmaliges\u00bb, so Bergamin, und erw\u00e4hnte insbesondere ein szenisches Theater, zwei originelle Referenten, die das Publikum zu Beginn fragten, was sie eigentlich erz\u00e4hlen sollten; ein Referat, bei dem die Anwesenden zum Mitsingen eingeladen wurden, und als Glanz- und Schlusspunkt der Vortrag des ehemaligen Einsiedler Abtes Martin Werlen, verbunden mit einem Benefizkonzert zugunsten der baulichen Sanierung des Kapuzinerklosters Mels. Der Anlass war gemeinsam mit dem Freundeskreis Kloster Mels organisiert worden. In seiner Verdankungsrunde hob Renato Bergamin vor allem die grossz\u00fcgige Gastfreundschaft und die Unterst\u00fctzung des Grand Resorts mit der ganzen Equipe unter CEO Peter P. Tschirky hervor.<\/p>\n<p>&nbsp;<\/p>\n<p><strong>Ein Abschied und ein Willkomm<\/strong><\/p>\n<p>Das Traktandum Wahlen wurde in den letzten zehn Jahren auch schon \u00abvergessen\u00bb, allerdings mit dem Hintergedanken, keine R\u00fccktrittsgel\u00fcste zu wecken, wie Bergamin reum\u00fctig bekannte. Aber diesmal kam man nicht darum herum: Vreni Wick (Landquart), seit 1990 im Vorstand, machte mit ihrer immer wieder hinausgeschobenen Demission nun ernst. Der Pr\u00e4sident w\u00fcrdigte den riesigen Einsatz, den sie in all den Jahren im Vorstand geleistet hat: Sie war an 300 Veranstaltungen dabei, wovon sie 40 bis 50 von A bis Z selber organisiert hat, besorgte die Adressadministration und den Versand der Drucksachen, hat mit Einbezug der ganzen Familie rund 90\u00a0000 Zettel gefaltet und verpackt und verf\u00fcgt \u00fcber ein grosses Beziehungsnetz zu potenziellen Referenten. Sie wird vorl\u00e4ufig noch weiterhin im Hintergrund mitwirken, wie Bergamin dankbar erw\u00e4hnte. Als ihr Nachfolger wurde Marco Della Santa aus Malans in den Vorstand gew\u00e4hlt. Der kulturell vielseitig interessierte Banker wird wie seine Vorg\u00e4ngerin ein wichtiges Bindeglied zur B\u00fcndner Herrschaft sein, aus der ein grosser Teil der Mitglieder stammt. Die verbleibenden Vorstandsmitglieder, der Pr\u00e4sident und die GPK wurden mit grossem Applaus f\u00fcr eine weitere dreij\u00e4hrige Amtsdauer best\u00e4tigt.<\/p>\n<p>&nbsp;<\/p>\n<p><strong>Ein liedvoller Abschluss<\/strong><\/p>\n<p>Den Ausblick auf die n\u00e4chste, im Herbst beginnende kulturelle Saison vermittelte wie gewohnt das Vorstandsmitglied Daniela Keller, ganz im Sinne von \u00abnach der Saison ist vor der Saison\u00bb (siehe Kasten). Nach den \u00fcbrigen statutarischen Traktanden der HV, die z\u00fcgig und schmerzlos \u00fcber die B\u00fchne gingen, trat nochmals das Duo BeDA mit einem weiteren Liederblock in Aktion; mit einer Spur ernsterem Inhalt mit philosophischem Hintergrund und einer heiteren Zugabe, in der zwei tratschende Damen in einer Zugfahrt ihr Ziel gr\u00fcndlich verpassten. Mit dem anschliessenden Ap\u00e9ro wurde die Saison 2015\/16 definitiv in die Geschichte entlassen.<\/p>\n<p><strong>Vorschau auf die n\u00e4chste Saison<\/strong><\/p>\n<p>Noch ist nicht alles in Stein gemeisselt, die Daten und Zusagen sind noch nicht komplett; sie werden wie \u00fcblich im Sp\u00e4tsommer in definitiver Fassung in der Presse publiziert. Was Vorstandsmitglied Daniela Keller aber bereits im Grundsatz ank\u00fcndigen konnte, verspricht wiederum ein vielf\u00e4ltiges und spannendes Programm. Erw\u00e4hnt seien unter anderem prominente Namen wie Peter Gyslin, langj\u00e4hriger Russlandkorrespondent, sein Pendant in Amerika: Arthur Honegger, heute Moderator von \u00ab10 vor 10\u00bb; Schriftsteller Catilin Dorian Florescu (Literaturfr\u00fchst\u00fcck gemeinsam mit Gemeindebibliothek); Silver Hesse, Enkel von Hermann Hesse; Fredy Knie; weitere sind noch im K\u00f6cher bzw. noch nicht definitiv.<\/p>\n<p><a href=\"http:\/\/kulturellevereinigung.ch\/wp-content\/uploads\/2016\/05\/IMG_8848.jpg\" rel=\"attachment wp-att-376\"><img loading=\"lazy\" decoding=\"async\" class=\"alignnone size-medium wp-image-376\" src=\"http:\/\/kulturellevereinigung.ch\/wp-content\/uploads\/2016\/05\/IMG_8848-300x200.jpg\" alt=\"IMG_8848\" width=\"300\" height=\"200\" srcset=\"https:\/\/kulturellevereinigung.ch\/wp-content\/uploads\/2016\/05\/IMG_8848-300x200.jpg 300w, https:\/\/kulturellevereinigung.ch\/wp-content\/uploads\/2016\/05\/IMG_8848-768x512.jpg 768w, https:\/\/kulturellevereinigung.ch\/wp-content\/uploads\/2016\/05\/IMG_8848-1024x683.jpg 1024w\" sizes=\"auto, (max-width: 300px) 100vw, 300px\" \/><\/a><\/p>\n<p>Vorstand 2016 mit demissionierender Vreny Wick (sitzend) und Neumitglied Marco della Santa (4. v. links)<\/p>\n","protected":false},"excerpt":{"rendered":"<p>Saisonschluss, Lieder und Neuwahl Die HV der Kulturellen Vereinigung Bad Ragaz zum kulturellen Saisonschluss 2015\/2016 wurde musikalische vom Duo BeDa (Beda Zimmermann und Daniel Brantschen) umrahmt. F\u00fcr die demissionierende Vreni Wick wurde Marco Della Santa neu in den Vorstand gew\u00e4hlt. von Hans Hidber &nbsp; Bad Ragaz. \u2013 Eine HV der Kulturellen Vereinigung mit bloss trockenen &hellip; <a href=\"https:\/\/kulturellevereinigung.ch\/?p=375\" class=\"more-link\"><span class=\"screen-reader-text\">Zeitungsbericht HV 2016: Saisonschluss und Aussichten 2016\/2017<\/span> weiterlesen <span class=\"meta-nav\">&rarr;<\/span><\/a><\/p>\n","protected":false},"author":2,"featured_media":0,"comment_status":"closed","ping_status":"closed","sticky":false,"template":"","format":"standard","meta":{"footnotes":""},"categories":[1],"tags":[],"class_list":["post-375","post","type-post","status-publish","format-standard","hentry","category-allgemein"],"_links":{"self":[{"href":"https:\/\/kulturellevereinigung.ch\/index.php?rest_route=\/wp\/v2\/posts\/375","targetHints":{"allow":["GET"]}}],"collection":[{"href":"https:\/\/kulturellevereinigung.ch\/index.php?rest_route=\/wp\/v2\/posts"}],"about":[{"href":"https:\/\/kulturellevereinigung.ch\/index.php?rest_route=\/wp\/v2\/types\/post"}],"author":[{"embeddable":true,"href":"https:\/\/kulturellevereinigung.ch\/index.php?rest_route=\/wp\/v2\/users\/2"}],"replies":[{"embeddable":true,"href":"https:\/\/kulturellevereinigung.ch\/index.php?rest_route=%2Fwp%2Fv2%2Fcomments&post=375"}],"version-history":[{"count":2,"href":"https:\/\/kulturellevereinigung.ch\/index.php?rest_route=\/wp\/v2\/posts\/375\/revisions"}],"predecessor-version":[{"id":379,"href":"https:\/\/kulturellevereinigung.ch\/index.php?rest_route=\/wp\/v2\/posts\/375\/revisions\/379"}],"wp:attachment":[{"href":"https:\/\/kulturellevereinigung.ch\/index.php?rest_route=%2Fwp%2Fv2%2Fmedia&parent=375"}],"wp:term":[{"taxonomy":"category","embeddable":true,"href":"https:\/\/kulturellevereinigung.ch\/index.php?rest_route=%2Fwp%2Fv2%2Fcategories&post=375"},{"taxonomy":"post_tag","embeddable":true,"href":"https:\/\/kulturellevereinigung.ch\/index.php?rest_route=%2Fwp%2Fv2%2Ftags&post=375"}],"curies":[{"name":"wp","href":"https:\/\/api.w.org\/{rel}","templated":true}]}}