{"id":436,"date":"2016-11-02T10:47:16","date_gmt":"2016-11-02T10:47:16","guid":{"rendered":"http:\/\/kulturellevereinigung.ch\/?p=436"},"modified":"2016-11-18T06:56:21","modified_gmt":"2016-11-18T06:56:21","slug":"einladung-vortrag-gasser-derungs-16-november-2016","status":"publish","type":"post","link":"https:\/\/kulturellevereinigung.ch\/?p=436","title":{"rendered":"Bericht \u00fcber faszinierenden Vortrag von Gasser &#038; Derungs"},"content":{"rendered":"<h3><strong>Sinnlichkeit und Pr\u00e4zision in der Architektur<\/strong><\/h3>\n<h5>Der Vortrag in der Veranstaltungsreihe der Kulturellen Vereinigung Bad Ragaz \u00abAuf Bestehendes reagiere: Innenarchitektur \u2013 Architektur \u2013 Design\u00bb von Carmen Gasser &amp; Remo Derungs stiess auf grosses Interesse.<\/h5>\n<p>&nbsp;<\/p>\n<p>von Hans Hidber<\/p>\n<p>Bad Ragaz. \u2013 Carmen Gasser und Remo Derungs mit Ateliers in Chur und Z\u00fcrich geh\u00f6ren zu den herausragenden Vertretern einer j\u00fcngeren Generation von Architekten und Gestaltern, die f\u00fcr ihre Arbeiten schon mehrfach Auszeichnungen erhalten haben. \u00abSinnlichkeit und Pr\u00e4zision, ganzheitliches Denken und Gestalten, der Umgang mit bestehenden Strukturen und die Integration und Anpassung an heutige Bed\u00fcrfnisse sind unsere Spezialit\u00e4t und unsere Passion \u2013 wir nennen es sinnlich pr\u00e4zises Arbeiten\u00bb, charakterisiert sich das Architektenduo mit ihrem interdisziplin\u00e4ren Team. Die besondere Aufmerksamkeit der jungen Architekten gilt dem sogenannten \u00abBauen im Bestand\u00bb, das heisst Um- und Ausbauten und Innengestaltung unter Respektierung und Erhaltung bestehender und zum Teil auch historischer Bausubstanz. Grosser Wert wird auch auf eine stilvolle, passende und dem Charakter der jeweiligen Geb\u00e4ude Rechnung tragende Innenarchitektur gelegt bis hin zu stimmigen Details im Design von Einrichtungen.<\/p>\n<p>&nbsp;<\/p>\n<p><strong>Beeindruckender Leistungsausweis<\/strong><\/p>\n<p>Zum Einstieg in das Referat kommentierte Remo Derungs Bilder einer der ber\u00fchmten Felsenkirchen von Lalibela in \u00c4thiopien, die ums Jahr 1250 aus Basaltstein herausgemeisselt wurden und zum Weltkulturerbe der UNESCO geh\u00f6ren. Eine unglaubliche architektonische und Meisterleistung der Baukunst. In einer anschaulichen Bilderpr\u00e4sentation stellten die beiden Referenten abwechslungsweise einige ihrer realisierten, besonders anspruchsvollen Projekte vor. Unter anderem seien hier erw\u00e4hnt: Umgestaltung eines nicht mehr ben\u00fctzten Hallenschwimmbades in einen Theaterraum (Theater Zuoz Globe im Lyceum Alpinum Zuoz), Mobile Ausstellung der RhB entlang der Strecke der Berninastrecke St. Moritz \u2013 Tirano; Bau der im Park integrierten \u00abSauna Nera\u00bb im Grand Resort Bad Ragaz; neue Innengestaltung der Zentralbibliothek Z\u00fcrich; Innenausbau der Villa Bathumba in Z\u00fcrich, ein Meisterwerk des Historizismus und Sitz des Schweizer Heimatschutzes und schliesslich der Einbau einer Wohnung in einen beh\u00e4bigen Stall in Scharans ohne Beeintr\u00e4chtigung der \u00e4usseren Erscheinung.<\/p>\n<p>&nbsp;<\/p>\n<p><strong>Bestehende Materialien verwenden<\/strong><\/p>\n<p>Auf die Frage aus dem Publikum, mit welchen Materialien sie am liebsten arbeiten, meinte Remo Derungs, sie h\u00e4tten keine bestimmten Vorlieben und w\u00fcrden mit jenen Materialien arbeiten, die sie in den jeweiligen Objekten vorf\u00e4nden, sei es nun Holz, Stein, Glas, Beton oder etwas anderes. Sie selber haben bei einem eigenen, privaten Umbau das verarbeitet, was sie vorgefunden und bislang nicht verwendet haben: Marmor und Messing. \u00abEs muss einfach zum Bau passen, und der Charakter des Objektes soll gewahrt bleiben.\u00bb Zu einer weiteren Frage, ob es nicht m\u00fchsam es sei, mit den verschiedensten Instanzen wie Beh\u00f6rden, Denkmalpflege etc. klar zu kommen, wenn es um historische Geb\u00e4ude gehe, konnte Derungs dies best\u00e4tigen. Es sei wichtig, schon im fr\u00fchen Planungsstadium alle einzubeziehen, die in irgendeiner Weise als Beh\u00f6rde oder auch als m\u00f6gliche einsprechende Nachbarn einen Einfluss auf die Realisierung eines Projektes haben. Der Vortrag zeigte, wie man Respekt vor bestehenden Baustrukturen mit einer funktionalen und modernen Innengestaltung nach modernem Standard in Einklang bringen kann.<\/p>\n","protected":false},"excerpt":{"rendered":"<p>Sinnlichkeit und Pr\u00e4zision in der Architektur Der Vortrag in der Veranstaltungsreihe der Kulturellen Vereinigung Bad Ragaz \u00abAuf Bestehendes reagiere: Innenarchitektur \u2013 Architektur \u2013 Design\u00bb von Carmen Gasser &amp; Remo Derungs stiess auf grosses Interesse. &nbsp; von Hans Hidber Bad Ragaz. \u2013 Carmen Gasser und Remo Derungs mit Ateliers in Chur und Z\u00fcrich geh\u00f6ren zu den &hellip; <a href=\"https:\/\/kulturellevereinigung.ch\/?p=436\" class=\"more-link\"><span class=\"screen-reader-text\">Bericht \u00fcber faszinierenden Vortrag von Gasser &#038; Derungs<\/span> weiterlesen <span class=\"meta-nav\">&rarr;<\/span><\/a><\/p>\n","protected":false},"author":2,"featured_media":0,"comment_status":"closed","ping_status":"closed","sticky":false,"template":"","format":"standard","meta":{"footnotes":""},"categories":[1],"tags":[],"class_list":["post-436","post","type-post","status-publish","format-standard","hentry","category-allgemein"],"_links":{"self":[{"href":"https:\/\/kulturellevereinigung.ch\/index.php?rest_route=\/wp\/v2\/posts\/436","targetHints":{"allow":["GET"]}}],"collection":[{"href":"https:\/\/kulturellevereinigung.ch\/index.php?rest_route=\/wp\/v2\/posts"}],"about":[{"href":"https:\/\/kulturellevereinigung.ch\/index.php?rest_route=\/wp\/v2\/types\/post"}],"author":[{"embeddable":true,"href":"https:\/\/kulturellevereinigung.ch\/index.php?rest_route=\/wp\/v2\/users\/2"}],"replies":[{"embeddable":true,"href":"https:\/\/kulturellevereinigung.ch\/index.php?rest_route=%2Fwp%2Fv2%2Fcomments&post=436"}],"version-history":[{"count":3,"href":"https:\/\/kulturellevereinigung.ch\/index.php?rest_route=\/wp\/v2\/posts\/436\/revisions"}],"predecessor-version":[{"id":440,"href":"https:\/\/kulturellevereinigung.ch\/index.php?rest_route=\/wp\/v2\/posts\/436\/revisions\/440"}],"wp:attachment":[{"href":"https:\/\/kulturellevereinigung.ch\/index.php?rest_route=%2Fwp%2Fv2%2Fmedia&parent=436"}],"wp:term":[{"taxonomy":"category","embeddable":true,"href":"https:\/\/kulturellevereinigung.ch\/index.php?rest_route=%2Fwp%2Fv2%2Fcategories&post=436"},{"taxonomy":"post_tag","embeddable":true,"href":"https:\/\/kulturellevereinigung.ch\/index.php?rest_route=%2Fwp%2Fv2%2Ftags&post=436"}],"curies":[{"name":"wp","href":"https:\/\/api.w.org\/{rel}","templated":true}]}}