{"id":441,"date":"2016-11-23T09:34:30","date_gmt":"2016-11-23T09:34:30","guid":{"rendered":"http:\/\/kulturellevereinigung.ch\/?p=441"},"modified":"2016-12-07T06:50:37","modified_gmt":"2016-12-07T06:50:37","slug":"einladung-vortrag-usa-quo-vadis","status":"publish","type":"post","link":"https:\/\/kulturellevereinigung.ch\/?p=441","title":{"rendered":"Zeitungsbericht Vortrag USA von Arthur Honegger &#8211; 350 G\u00e4ste"},"content":{"rendered":"<h3><strong>Die Amerika \u2013 Thematik oder \u201eQuo vadis \u2013 USA?\u201c <\/strong><\/h3>\n<p><em>Der Andrang am Sonntagabend im Kursaal Bad Ragaz zu Arthur Honegger`s B\u00fcchervorstellung, die sich mit der Amerika-Thematik befassen, war gross. Die Kulturelle Vereinigung schaffte es mit dem Gastreferenten eine kompetente Pers\u00f6nlichkeit zur Seite zu haben, die auch den heiklen USA-Fragen aus dem Publikum auf den Grund gehen konnte. <\/em><\/p>\n<p><em>von Angela Adank<\/em><\/p>\n<p>Eigentlich entstand die Einladung aufgrund der pers\u00f6nlichen Bekanntschaft zwischen dem Pr\u00e4sidenten der Kulturellen Vereinigung Bad Ragaz, Renato Bergamin, und dem SRF &lt;&lt;10 vor 10&gt;&gt; Moderator und Schriftsteller, Arthur Honegger. Beide sind sie n\u00e4mlich in Davos aufgewachsen und kennen sich von dorther. Mit Arthur Honegger konnte Bergamin einen Referenten gewinnen, der als langj\u00e4hriger USA Nachrichtenkorrespondent humoristisch-witzig aber auch sachlich-n\u00fcchtern die &lt;&lt;Ami-Mentalit\u00e4t&gt; und ihr vorherrschender &lt;&lt;Exceptionalism&gt;&gt; erkl\u00e4rte, die er in seinen zwei B\u00fcchern festhielt. Auf die einleitende Fragestellung von Bergamin, ob sich mit dem \u00fcberraschenden Ausgang der US-Wahlen vom 8.November auch eine \u00c4ra \u00e4ndern wird, wurde ebenso eingegangen wie aus den weiteren politischen Fragen aus dem zahlreich erschienenen Publikum.<\/p>\n<p><strong>USA- die grosse Bekannte unbekannte<\/strong><\/p>\n<p>Honegger, der mit seiner Familie sieben Jahre lang in den USA weilte, dort in vier verschiedenen Ortschaften lebte und zuletzt als SRF- Berichterstatter in Washington D.C. stationiert war, weiss bestens Bescheid wie die &lt;&lt;Amis&gt;&gt; ticken im Vergleich zu den Europ\u00e4ern. &lt;&lt;Kein Land ist so omnipr\u00e4sent in den Medien wie die USA, aber auch bez\u00fcglich Innovationen nimmt sie eine Vorreiterrolle ein und doch herrscht eine Diskrepanz, denn h\u00e4ufig gelangen nur die negativen Aspekte in die Berichterstattung. Auch in geschichtlicher Hinsicht weiss man hierzulande wenig \u00fcber die USA &gt;&gt;, beginnt der Autor sein Referat im Kursaal. Im Jahre 2012 entschloss sich Honegger ein Buch zu schreiben und die historischen Ereignisse nach der Pr\u00e4sidentschaftswahl festzuhalten. &lt;&lt;Da ich urspr\u00fcnglich aus dem Print-Journalismus komme, wollte ich aber auch weitere Figuren und Thematiken in Kolumnen-Formen auf Papier bringen.&gt;&gt; Aus dem 2015 erschienenen Werk &lt;&lt;Abc 4 USA \u2013 Amerika verstehen&gt;&gt; las Honegger dann auch gleich einige ausgew\u00e4hlte Passagen vor. So erkl\u00e4rte er sein &lt;&lt;Aha&gt;&gt;-Erlebnis als er bemerkte, dass Obama im Gegensatz zu anderen Staatspr\u00e4sidenten schlich statt eilte; er ging auch auf die Immigration ein, die in den USA nicht auf Anpassung sondern Vielf\u00e4ltigkeit beruht oder erl\u00e4uterte den Begriff &lt;&lt;Exceptionalism&gt;&gt;, das Gef\u00fchl der Einzigartigkeit der Amerikaner, sich selber st\u00e4ndig neu zu erfinden und den Zukunftsglauben nie aufzugeben. &lt;&lt;Einer der Gegens\u00e4tze zu unserer Schweiz&gt;&gt;, stellte Honegger vorurteilsfrei fest, hier werde n\u00e4mlich Best\u00e4ndigkeit und Instandhaltung gross geschrieben. Humorvoll betonte der Referent auch die positiven Seiten von \u00dcbersee, so unter anderem auch die selbstverst\u00e4ndliche R\u00fcckerstattungsgarantie auf alles Gekaufte, die eine Konsumhaltung und die &lt;&lt;Nimm-doch-mal-mit-Philosophie&gt;&gt; beg\u00fcnstigen.<\/p>\n<p><strong>&lt;&lt;Ach, Amiland&gt;&gt;<\/strong><\/p>\n<p>Im diesj\u00e4hrig erschienenen, subtilen Bildband &lt;&lt;Ach, Amiland&gt;&gt;, den Honegger mit seiner Frau, einer Profi-Fotografin, herausgab, wollte das Ehepaar auch die Vielf\u00e4ltigkeit des Landes dokumentarisch festhalten. &lt;&lt;Die Sch\u00f6nheit der Natur, beispielsweise des Yellowstone Nationalparks, das hat mir am meisten gefallen&gt;&gt;, stellte der Korrespondent fest. Es sind rund 200 Fotos die es aus dem Familienfotoblog und der Fotosammlung in den Bildband schafften, die spontane Begegnungen und Alltagsgeschichten erz\u00e4hlen. Und wieso wurde eigentlich dieses &lt;&lt;Ach&gt;&gt; in den Titel genommen? Honegger fast sich kurz: &lt;&lt;Der Seufzer kann positiv oder negativ verstanden werden, wie es der Leser eben haben m\u00f6chte; wichtig war uns die emotionale Verbundenheit wiederzugeben. &gt;&gt;<\/p>\n<p><strong>Politische Fragen zur aktuellen Lage<\/strong><\/p>\n<p>Dass das Publikum vor allem auch Bergamins wegweisende Zukunftsfrage besch\u00e4ftigte, zeigte sich in der abschliessenden Fragerunde. Fachkundig ging Honegger auf die unterschiedlichsten Fragen ein, die querbeet kamen: \u00fcber kurzfristige Begnadigungen die noch ausgesprochen werden k\u00f6nnten, zu Verordnungen, die sich m\u00f6glicherweise \u00e4ndern werden, \u00fcber die falschen Wahleinsch\u00e4tzungen bis hin zu Interessenskonflikten, die mit Trump`s Amtseinf\u00fchrung entstehen werden, l\u00f6cherte man den Experten regelrecht. &lt;&lt;Wegweisend wird sein, von welchen Personen der neue Pr\u00e4sident \u00fcber l\u00e4ngere Zeit beeinflusst wird&gt;&gt;, meinte der Nachrichtensprecher objektiv, ohne sich auf eine detailliertere Prognose einzulassen. Mit Arthur Honegger beendete die kulturelle Vereinigung eine weitere, spannende und interessante Veranstaltungsreihe f\u00fcr dieses Jahr.<\/p>\n<p>&nbsp;<\/p>\n","protected":false},"excerpt":{"rendered":"<p>Die Amerika \u2013 Thematik oder \u201eQuo vadis \u2013 USA?\u201c Der Andrang am Sonntagabend im Kursaal Bad Ragaz zu Arthur Honegger`s B\u00fcchervorstellung, die sich mit der Amerika-Thematik befassen, war gross. Die Kulturelle Vereinigung schaffte es mit dem Gastreferenten eine kompetente Pers\u00f6nlichkeit zur Seite zu haben, die auch den heiklen USA-Fragen aus dem Publikum auf den Grund &hellip; <a href=\"https:\/\/kulturellevereinigung.ch\/?p=441\" class=\"more-link\"><span class=\"screen-reader-text\">Zeitungsbericht Vortrag USA von Arthur Honegger &#8211; 350 G\u00e4ste<\/span> weiterlesen <span class=\"meta-nav\">&rarr;<\/span><\/a><\/p>\n","protected":false},"author":2,"featured_media":0,"comment_status":"closed","ping_status":"closed","sticky":false,"template":"","format":"standard","meta":{"footnotes":""},"categories":[1],"tags":[],"class_list":["post-441","post","type-post","status-publish","format-standard","hentry","category-allgemein"],"_links":{"self":[{"href":"https:\/\/kulturellevereinigung.ch\/index.php?rest_route=\/wp\/v2\/posts\/441","targetHints":{"allow":["GET"]}}],"collection":[{"href":"https:\/\/kulturellevereinigung.ch\/index.php?rest_route=\/wp\/v2\/posts"}],"about":[{"href":"https:\/\/kulturellevereinigung.ch\/index.php?rest_route=\/wp\/v2\/types\/post"}],"author":[{"embeddable":true,"href":"https:\/\/kulturellevereinigung.ch\/index.php?rest_route=\/wp\/v2\/users\/2"}],"replies":[{"embeddable":true,"href":"https:\/\/kulturellevereinigung.ch\/index.php?rest_route=%2Fwp%2Fv2%2Fcomments&post=441"}],"version-history":[{"count":3,"href":"https:\/\/kulturellevereinigung.ch\/index.php?rest_route=\/wp\/v2\/posts\/441\/revisions"}],"predecessor-version":[{"id":446,"href":"https:\/\/kulturellevereinigung.ch\/index.php?rest_route=\/wp\/v2\/posts\/441\/revisions\/446"}],"wp:attachment":[{"href":"https:\/\/kulturellevereinigung.ch\/index.php?rest_route=%2Fwp%2Fv2%2Fmedia&parent=441"}],"wp:term":[{"taxonomy":"category","embeddable":true,"href":"https:\/\/kulturellevereinigung.ch\/index.php?rest_route=%2Fwp%2Fv2%2Fcategories&post=441"},{"taxonomy":"post_tag","embeddable":true,"href":"https:\/\/kulturellevereinigung.ch\/index.php?rest_route=%2Fwp%2Fv2%2Ftags&post=441"}],"curies":[{"name":"wp","href":"https:\/\/api.w.org\/{rel}","templated":true}]}}