{"id":471,"date":"2017-04-18T09:01:02","date_gmt":"2017-04-18T09:01:02","guid":{"rendered":"http:\/\/kulturellevereinigung.ch\/?p=471"},"modified":"2017-05-11T09:14:40","modified_gmt":"2017-05-11T09:14:40","slug":"einladung-hv-vom-10-5-2017-protokoll-2016","status":"publish","type":"post","link":"https:\/\/kulturellevereinigung.ch\/?p=471","title":{"rendered":"Zeitungsbericht zur HV 2017"},"content":{"rendered":"<h3><strong>Ungewohnte Akkordeonkl\u00e4nge zum Saisonschluss<\/strong><\/h3>\n<p>Die Kulturelle Vereinigung Bad Ragaz hat mit der HV im Kursaal die Vortragssaison 2016\/17 mit dem Gastauftritt des preisgekr\u00f6nten Akkordeonisten Thomas Weber abgeschlossen.<\/p>\n<p>von Hans Hidber<\/p>\n<p>Bad Ragaz. &#8211; Eine HV nur mit trockenen statutarischen Verhandlungen abzuwickeln, w\u00e4re gar nicht im Sinne der Kulturellen Vereinigung. Zur musikalischen Umrahmung des Anlasses konnte Vereinspr\u00e4sident Renato Bergamin diesmal einen Musikvirtuosen der eher seltenen Art begr\u00fcssen: Thomas Weber, \u00abMaster of Arts\u00bb in Musikp\u00e4dagogik, als Soloakkordeonist mit Konzertdiplom und zahlreichen erg\u00e4nzenden Meisterkursen ein gefragter Kammermusikpartner im In- und Ausland.<\/p>\n<p>Akkordeon: Da denkt man vordergr\u00fcndig an Folklore, L\u00e4ndlermusik und Tanzkapellen. Aber wer hat schon auf dem Akkordeon eine Cantona aus dem 17. Jahrhundert von Girolamo Frescobaldi geh\u00f6rt? Mit diesem ungemein feinen St\u00fcck, f\u00fcr Orgel geschrieben, zum ersten \u00abseri\u00f6sen\u00bb Musikblock, gefolgt von einer Aria von Johann Sebastian Bach, die fast unmerklich in eine jazzige Interpretation \u00fcberging, und einem Satz aus Vivaldis \u00ab Die vier Jahreszeiten\u00bb.<\/p>\n<p>&nbsp;<\/p>\n<p><strong>Grosser Dank dem Grand Resort<\/strong><\/p>\n<p>In seinem Jahresr\u00fcckblick liess der Pr\u00e4sident die 10 durchwegs gut besuchten Anl\u00e4sse der vergangenen Saison nochmals kurz Revue passieren. Als besondere Highlights \u2013 ohne die Qualit\u00e4t der \u00fcbrigen Anl\u00e4sse schm\u00e4lern zu wollen &#8211; erwiesen sich die Referate des langj\u00e4hrigen USA Korrespondenten Arthur Honegger und des Russlandspezialisten Erich Gysling, die beide einen rossen Besucherstrom anlockten. In seinen Dankesadressen hob Bergamin vor allem die Gastfreundschaft des Grand Resorts und dessen logistische Unterst\u00fctzung f\u00fcr die Anl\u00e4sse der Vereinigung hervor. Sein besonderer Dank galt dem scheidenden CEO Peter Tschirky: \u00abKultur hat f\u00fcr ihn einen grossen Stellenwert und deshalb hatte er immer ein offenes Ohr f\u00fcr uns.\u00bb In den Dank eingeschlossen war auch das Kursaal- und das Kulturteam des Grand Resort. Die Rechnungsablage, pr\u00e4sentiert von Kassier Roman Rupp, passierte ohne Wortmeldungen. Beruhigend zu wissen, dass ein kleines finanzielles Polster besteht, um gelegentliche Ausgaben\u00fcbersch\u00fcsse abzufedern.<\/p>\n<p>&nbsp;<\/p>\n<p><strong>Vielversprechende Vorschau<\/strong><\/p>\n<p>Vorstandsmitglied Daniela Keller gab eine geraffte Vorschau auf das bis jetzt bekannte Veranstaltungsprogramm der n\u00e4chsten Saison 2017\/2018. Die Vereinsmitglieder und weiteren Interessenten d\u00fcrfen sich wieder auf einen reichhaltigen kulturellen Cocktail aus verschiedensten Bereichen von Kultur im weitesten Sinne freuen. Gestartet wird mit einem faszinierenden Fotobericht \u00fcber eine Reise mit der Transsibirischen Eisenbahn; Daniel Anrig, ehemaliger Kommandant der P\u00e4pstlichen Schweizergarde, l\u00e4sst hinter die Kulissen des Vatikans blicken, und der fr\u00fcheren bekannte Tagesschaumoderator Walter Eggenberger mit dem ber\u00fchmten Zeigefinger berichtet \u00fcber seinen mehrj\u00e4hrigen Aufenthalt im v\u00f6llig abgeschotteten Nordkorea. Diese und weitere Themen versprechen wiederum ein h\u00f6chst spannendes Veranstaltungsprogramm, dessen n\u00e4here Details zu gegebener Zeit im Sp\u00e4tsommer auf der Hompage <a href=\"http:\/\/www.kulturellevereinigung.ch\/\"><u>www.kulturellevereinigung.ch<\/u><\/a> und in der Presse publiziert werden.<\/p>\n<p><strong>Ein fulminanter Schlusspunkt<\/strong><\/p>\n<p>Der zweite musikalische Block nach den gesch\u00e4ftlichen Traktanden war \u2013 wie der Akkordeonist ank\u00fcndigte \u2013 \u00abetwas weniger seri\u00f6s\u00bb als der erste Teil. Hier dominierten Jazz, der traditionelle und der neue \u2013 kaum tanzbare \u2013 Tango sowie Filmmusik (Moon River). Bevor es zum Ap\u00e9ro ging, fegte Thomas Weber als Zugabe und fulminanten Schlusspunkt in atemberaubender Weise eine improvisatorische Interpretation eines St\u00fcckes des ber\u00fchmten argentinischen Komponisten und Begr\u00fcnder des \u00abTango Nuevo\u00bb herunter.<\/p>\n<p>&nbsp;<\/p>\n<p><a href=\"http:\/\/kulturellevereinigung.ch\/wp-content\/uploads\/2017\/04\/Foto-Tom-Weber.jpg\"><img loading=\"lazy\" decoding=\"async\" class=\"alignnone size-medium wp-image-476\" src=\"http:\/\/kulturellevereinigung.ch\/wp-content\/uploads\/2017\/04\/Foto-Tom-Weber-300x200.jpg\" alt=\"Foto Tom Weber\" width=\"300\" height=\"200\" srcset=\"https:\/\/kulturellevereinigung.ch\/wp-content\/uploads\/2017\/04\/Foto-Tom-Weber-300x200.jpg 300w, https:\/\/kulturellevereinigung.ch\/wp-content\/uploads\/2017\/04\/Foto-Tom-Weber-768x512.jpg 768w, https:\/\/kulturellevereinigung.ch\/wp-content\/uploads\/2017\/04\/Foto-Tom-Weber-1024x683.jpg 1024w\" sizes=\"auto, (max-width: 300px) 100vw, 300px\" \/><\/a><\/p>\n","protected":false},"excerpt":{"rendered":"<p>Ungewohnte Akkordeonkl\u00e4nge zum Saisonschluss Die Kulturelle Vereinigung Bad Ragaz hat mit der HV im Kursaal die Vortragssaison 2016\/17 mit dem Gastauftritt des preisgekr\u00f6nten Akkordeonisten Thomas Weber abgeschlossen. von Hans Hidber Bad Ragaz. &#8211; Eine HV nur mit trockenen statutarischen Verhandlungen abzuwickeln, w\u00e4re gar nicht im Sinne der Kulturellen Vereinigung. Zur musikalischen Umrahmung des Anlasses konnte &hellip; <a href=\"https:\/\/kulturellevereinigung.ch\/?p=471\" class=\"more-link\"><span class=\"screen-reader-text\">Zeitungsbericht zur HV 2017<\/span> weiterlesen <span class=\"meta-nav\">&rarr;<\/span><\/a><\/p>\n","protected":false},"author":2,"featured_media":0,"comment_status":"closed","ping_status":"closed","sticky":false,"template":"","format":"standard","meta":{"footnotes":""},"categories":[1],"tags":[],"class_list":["post-471","post","type-post","status-publish","format-standard","hentry","category-allgemein"],"_links":{"self":[{"href":"https:\/\/kulturellevereinigung.ch\/index.php?rest_route=\/wp\/v2\/posts\/471","targetHints":{"allow":["GET"]}}],"collection":[{"href":"https:\/\/kulturellevereinigung.ch\/index.php?rest_route=\/wp\/v2\/posts"}],"about":[{"href":"https:\/\/kulturellevereinigung.ch\/index.php?rest_route=\/wp\/v2\/types\/post"}],"author":[{"embeddable":true,"href":"https:\/\/kulturellevereinigung.ch\/index.php?rest_route=\/wp\/v2\/users\/2"}],"replies":[{"embeddable":true,"href":"https:\/\/kulturellevereinigung.ch\/index.php?rest_route=%2Fwp%2Fv2%2Fcomments&post=471"}],"version-history":[{"count":3,"href":"https:\/\/kulturellevereinigung.ch\/index.php?rest_route=\/wp\/v2\/posts\/471\/revisions"}],"predecessor-version":[{"id":477,"href":"https:\/\/kulturellevereinigung.ch\/index.php?rest_route=\/wp\/v2\/posts\/471\/revisions\/477"}],"wp:attachment":[{"href":"https:\/\/kulturellevereinigung.ch\/index.php?rest_route=%2Fwp%2Fv2%2Fmedia&parent=471"}],"wp:term":[{"taxonomy":"category","embeddable":true,"href":"https:\/\/kulturellevereinigung.ch\/index.php?rest_route=%2Fwp%2Fv2%2Fcategories&post=471"},{"taxonomy":"post_tag","embeddable":true,"href":"https:\/\/kulturellevereinigung.ch\/index.php?rest_route=%2Fwp%2Fv2%2Ftags&post=471"}],"curies":[{"name":"wp","href":"https:\/\/api.w.org\/{rel}","templated":true}]}}