{"id":578,"date":"2018-04-16T09:37:47","date_gmt":"2018-04-16T09:37:47","guid":{"rendered":"http:\/\/kulturellevereinigung.ch\/?p=578"},"modified":"2018-05-22T06:52:03","modified_gmt":"2018-05-22T06:52:03","slug":"einladung-zur-mitgliederversammlung","status":"publish","type":"post","link":"https:\/\/kulturellevereinigung.ch\/?p=578","title":{"rendered":"Zeitungsbericht zur Mitgliederversammlung 2018"},"content":{"rendered":"<p><strong>Kulturelle Vereinigung bot vielf\u00e4ltiges und interessantes Programm <\/strong><\/p>\n<p><em>Im Rainer Maria Rilke Saal des Grand Resort fand vergangene Woche die Mitgliederversammlung der Kulturellen Vereinigung Bad Ragaz statt. Es wurde auf eine \u00fcberaus vielseitige Referatssaison zur\u00fcckgeblickt. <\/em><\/p>\n<p><em>Von Angela Adank<\/em><\/p>\n<p>Renato Bergamin, der Pr\u00e4sident der Kulturellen Vereinigung Bad Ragaz, wandte sich gleich zu Beginn an die j\u00fcngsten G\u00e4ste des Saals mit den Worten: \u00abWas ist ein Talent, wenn es nicht gef\u00f6rdert wird und sich in Beharrlichkeit \u00fcbt? Die talentierte Gabe w\u00fcrde brach liegen. Bei euch ist dies nicht der Fall, mit viel Einsatz und Fleiss geht ihr eurer Begabung nach.\u00bb Die Rede war von den Musiksch\u00fclern der Talentschule die unter der Leitung von Sascha Wenk, Koordinator und Lehrperson der Musiktalentklasse, gef\u00f6rdert werden. Den anwesenden Sch\u00fclern, f\u00fcnf jungen Damen und vier jungen Herren, die aus dem Einzugsgebiet \u00fcber das Sarganserland hinaus stammen, kam die Ehre zu, den Anlass musikalisch zu umrahmen. Und sie taten dies auf ihren unterschiedlichsten Instrumenten, vom Schlagzeug \u00fcbers Marimbaphon bis hin zur Harfe und dem Fagott in voller musikalischer Gewichtung, sodass den Versammelten nichts anderes \u00fcbrig blieb, als sich in die Traumwelt der Kl\u00e4nge verf\u00fchren zu lassen, bevor es zur eigentlichen Versammlung \u00fcberging.<\/p>\n<p><strong> Abwechslungsreiches, kulturelles Programm als zentrales Anliegen<\/strong><\/p>\n<p><em>\u00abReisen veredelt den Geist und r\u00e4umt mit allen unseren Vorurteilen auf.\u00bb Das Zitat von Oscar Wilde zierte das Motto der vergangenen Referatssaison 17\/18. Ein Programm, dass eine Palette an Reisen anbot und wie Bergamin betonte: \u00abDie Besucher wurden w\u00e4hrend der Referate eingeladen, mitzureisen und konnten so den Horizont erweitern. \u00bb In pr\u00e4gnanter Art fasste der Pr\u00e4sident seine Erkenntnisse aus den vergangenen acht Kulturanl\u00e4ssen in Stichworten zusammen. \u00abEs ist sch\u00f6n, auf unsere Mitglieder z\u00e4hlen zu k\u00f6nnen und dank ihnen sind wir erpicht, auch in diesem Jahr wieder interessante Referenten nach Bad Ragaz zu holen\u00bb, meinte Bergamin weiter und bedankte sich im Namen des Vorstandes bei den anwesenden Freunden und G\u00e4sten, sowie dem Gemeindevertreter Renato W\u00fcst, f\u00fcr das Interesse und die Unterst\u00fctzung. Ein aufrichtiger Dank ging auch an die Adresse des Grand Resorts, welche durch Sabina Marti als Organisationsmanagerin vertreten war. Die Zusammenarbeit ist eine gegenseitige Bereicherung, denn so viel darf verraten werden, in der kommenden Saison wird ein gemeinsamer musikalischer Anlass unter dem Thema \u00abArgentiniens Auswanderer kehren zur\u00fcck\u00bb durchgef\u00fchrt werden. Schliesslich bedankte sich Bergamin auch bei seinen sechs Vorstandsmitgliedern, Claudia Biel, Ursula Wyss, Roman Rupp, Marco della Santa, Herbert Grob und Daniela Keller f\u00fcr die grosse Wertsch\u00e4tzung im Team. <\/em><\/p>\n<p><strong>Hohe Mitgliederzahl, gesundes Budget und Referentensuche<\/strong><\/p>\n<p><em>Dank den vielen interessierten Besuchern und ihren Kollekten, einer stets hohen Mitgliederzahl die nochmals leicht angestiegen ist seit dem letzten Jahr, sieht das Budget der Kulturellen Vereinigung gut aus und es konnte sogar ein kleiner Gewinn erzielt werden, wie Roman Rupp, Kassier des Vereins, in der Jahresrechnung zusammenfasste. \u00abEs ist uns wichtig den Mitgliederbeitrag bei 20Franken tief zu halten und mit dem Budget ausgewogen zu haushalten.\u00bb Auch sei es ihnen von Bedeutung, den jeweiligen Referenten ein Honorar zu bezahlen, das jedoch im gesunden Bereich ausfallen m\u00fcsse und keine astronomischen H\u00f6hen zuliesse. Der Revisorenbericht, zusammengefasst von Rolf Reber, wurde einstimmig genehmigt und dem Vorstand wurde ein spezieller Dank ausgesprochen. Da Daniela Keller krankheitsbedingt ausfiel, lag es an Bergamin, einen Ausblick in die kommende Saison 18\/19 zu geben. \u00abSaisonstart wird im September sein mit einem spannenden Referat unter dem Titel \u00abStimme der B\u00e4ume\u00bb, liess der Pr\u00e4sident durchblicken und fuhr fort: \u00abIm Januar bekommen wir Besuch von einem Fotografen, der mit Bildern aus Argentinien verzaubert. Das Literaturfr\u00fchst\u00fcck mit Melinda Nadj Abonji ist sicherlich auch empfehlenswert. Und was danach folgt, vor allem im Bereich Kunst und Architektur, ist noch offen.\u00bb Bergamin betonte nochmals, dass es sich nicht immer als einfach erweist die Wunschreferenten ins Boot zu halten. Was definitiv steht ist die n\u00e4chste Mitgliederversammlung am 15.Mai 2019, die mit dem 50j\u00e4hrigen Jubil\u00e4um gefeiert wird. Nach dem abschliessenden, eindr\u00fccklichen Ensembleauftritt aller neun Talentsch\u00fcler konnten sich die Besucher beim Ap\u00e9ro im Foyer in gem\u00fctlicher Runde \u00fcbers Reisen und andere relevante Dinge austauschen. <\/em><a href=\"http:\/\/kulturellevereinigung.ch\/wp-content\/uploads\/2018\/04\/2018-05-16-Foto-HV.jpg\"><img loading=\"lazy\" decoding=\"async\" class=\"alignnone size-medium wp-image-587\" src=\"http:\/\/kulturellevereinigung.ch\/wp-content\/uploads\/2018\/04\/2018-05-16-Foto-HV-300x200.jpg\" alt=\"\" width=\"300\" height=\"200\" srcset=\"https:\/\/kulturellevereinigung.ch\/wp-content\/uploads\/2018\/04\/2018-05-16-Foto-HV-300x200.jpg 300w, https:\/\/kulturellevereinigung.ch\/wp-content\/uploads\/2018\/04\/2018-05-16-Foto-HV-768x512.jpg 768w, https:\/\/kulturellevereinigung.ch\/wp-content\/uploads\/2018\/04\/2018-05-16-Foto-HV-1024x683.jpg 1024w\" sizes=\"auto, (max-width: 300px) 100vw, 300px\" \/><\/a><\/p>\n<p>&nbsp;<\/p>\n","protected":false},"excerpt":{"rendered":"<p>Kulturelle Vereinigung bot vielf\u00e4ltiges und interessantes Programm Im Rainer Maria Rilke Saal des Grand Resort fand vergangene Woche die Mitgliederversammlung der Kulturellen Vereinigung Bad Ragaz statt. Es wurde auf eine \u00fcberaus vielseitige Referatssaison zur\u00fcckgeblickt. Von Angela Adank Renato Bergamin, der Pr\u00e4sident der Kulturellen Vereinigung Bad Ragaz, wandte sich gleich zu Beginn an die j\u00fcngsten G\u00e4ste &hellip; <a href=\"https:\/\/kulturellevereinigung.ch\/?p=578\" class=\"more-link\"><span class=\"screen-reader-text\">Zeitungsbericht zur Mitgliederversammlung 2018<\/span> weiterlesen <span class=\"meta-nav\">&rarr;<\/span><\/a><\/p>\n","protected":false},"author":2,"featured_media":0,"comment_status":"closed","ping_status":"closed","sticky":false,"template":"","format":"standard","meta":{"footnotes":""},"categories":[1],"tags":[],"class_list":["post-578","post","type-post","status-publish","format-standard","hentry","category-allgemein"],"_links":{"self":[{"href":"https:\/\/kulturellevereinigung.ch\/index.php?rest_route=\/wp\/v2\/posts\/578","targetHints":{"allow":["GET"]}}],"collection":[{"href":"https:\/\/kulturellevereinigung.ch\/index.php?rest_route=\/wp\/v2\/posts"}],"about":[{"href":"https:\/\/kulturellevereinigung.ch\/index.php?rest_route=\/wp\/v2\/types\/post"}],"author":[{"embeddable":true,"href":"https:\/\/kulturellevereinigung.ch\/index.php?rest_route=\/wp\/v2\/users\/2"}],"replies":[{"embeddable":true,"href":"https:\/\/kulturellevereinigung.ch\/index.php?rest_route=%2Fwp%2Fv2%2Fcomments&post=578"}],"version-history":[{"count":6,"href":"https:\/\/kulturellevereinigung.ch\/index.php?rest_route=\/wp\/v2\/posts\/578\/revisions"}],"predecessor-version":[{"id":588,"href":"https:\/\/kulturellevereinigung.ch\/index.php?rest_route=\/wp\/v2\/posts\/578\/revisions\/588"}],"wp:attachment":[{"href":"https:\/\/kulturellevereinigung.ch\/index.php?rest_route=%2Fwp%2Fv2%2Fmedia&parent=578"}],"wp:term":[{"taxonomy":"category","embeddable":true,"href":"https:\/\/kulturellevereinigung.ch\/index.php?rest_route=%2Fwp%2Fv2%2Fcategories&post=578"},{"taxonomy":"post_tag","embeddable":true,"href":"https:\/\/kulturellevereinigung.ch\/index.php?rest_route=%2Fwp%2Fv2%2Ftags&post=578"}],"curies":[{"name":"wp","href":"https:\/\/api.w.org\/{rel}","templated":true}]}}