{"id":613,"date":"2018-08-24T08:18:39","date_gmt":"2018-08-24T08:18:39","guid":{"rendered":"http:\/\/kulturellevereinigung.ch\/?p=613"},"modified":"2018-08-24T08:18:39","modified_gmt":"2018-08-24T08:18:39","slug":"neues-programm-und-einladung-erste-veranstaltung","status":"publish","type":"post","link":"https:\/\/kulturellevereinigung.ch\/?p=613","title":{"rendered":"neues Programm und Einladung erste Veranstaltung"},"content":{"rendered":"<p>Liebe Mitglieder der Kulturellen Vereinigung<\/p>\n<p>Das neue Programm ist auf unserer Website nun aufgeschaltet (s. Men\u00fcleiste).<\/p>\n<p>Gerne laden wir Sie zur ersten Veranstaltung ein:<\/p>\n<h3><span style=\"color: #ff00ff;\"><strong>Mittwoch, 12. September 2018, 20.00 Uhr<\/strong><\/span><\/h3>\n<p><strong>Kursaal, Grand Resort, Bad Ragaz<\/strong><\/p>\n<h3><strong>Die Stimme der B\u00e4ume<\/strong><\/h3>\n<p><strong>\u00a0<\/strong><strong>Referent: Conrad Amber<\/strong><\/p>\n<p><strong>\u00a0<\/strong>Conrad Amber lebt und arbeitet in Dornbirn, \u00d6sterreich. Als Naturfotograf und Baumkenner ist er in ganz Europa unterwegs auf der Suche nach den \u00e4ltesten und auffallendsten Baumpers\u00f6nlichkeiten und naturnahen W\u00e4ldern, die er sorgf\u00e4ltig untersucht, dokumentiert und fotografisch einf\u00e4ngt.<\/p>\n<p>Jahrelange Besch\u00e4ftigung und Auseinandersetzung mit der Natur, mit Fokus auf B\u00e4ume und W\u00e4lder, Studien, Gespr\u00e4che und ein grosser Erfahrungsschatz erm\u00f6glichen es dem Baumkenner, sein Wissen und seine Fotografien mit der Welt zu teilen.<\/p>\n<p>Uralte Zeitzeugen mit unfassbarer \u00dcberlebensstrategie, Denkmale, die an l\u00e4ngst vergangene Epochen erinnern. Eine Faszination von unverwechsel-baren Baumpers\u00f6nlichkeiten mit ihrer urigen, kraftvollen Gestalt und imposanter Erscheinung. Ein Besuch in den letzten naturnahen W\u00e4ldern Mitteleuropas, die versteckt und unbeachtet jahrhundertelang ohne menschliche Eingriffe \u00fcberleben durften, ist ebenso eindr\u00fccklich wie unvergleichbar. Die Wirkung solch seltener Waldungen auf uns Menschen ist \u2013 \u00fcber alle unsere Sinne aufgenommen \u2013 kaum beschreibbar.<\/p>\n<p>Mit seinen bildgewaltigen Vortr\u00e4gen begeistert der Autor und Naturfotograf das Publikum.<\/p>\n<p>\u00a9 Fotografie Conrad Amber<\/p>\n<p><a href=\"http:\/\/kulturellevereinigung.ch\/wp-content\/uploads\/2018\/08\/Foto-Baum-Conrad-Amber.jpg\"><img loading=\"lazy\" decoding=\"async\" class=\"alignnone size-medium wp-image-614\" src=\"http:\/\/kulturellevereinigung.ch\/wp-content\/uploads\/2018\/08\/Foto-Baum-Conrad-Amber-300x200.jpg\" alt=\"\" width=\"300\" height=\"200\" srcset=\"https:\/\/kulturellevereinigung.ch\/wp-content\/uploads\/2018\/08\/Foto-Baum-Conrad-Amber-300x200.jpg 300w, https:\/\/kulturellevereinigung.ch\/wp-content\/uploads\/2018\/08\/Foto-Baum-Conrad-Amber-768x512.jpg 768w, https:\/\/kulturellevereinigung.ch\/wp-content\/uploads\/2018\/08\/Foto-Baum-Conrad-Amber-1024x683.jpg 1024w, https:\/\/kulturellevereinigung.ch\/wp-content\/uploads\/2018\/08\/Foto-Baum-Conrad-Amber.jpg 1064w\" sizes=\"auto, (max-width: 300px) 100vw, 300px\" \/><\/a><\/p>\n","protected":false},"excerpt":{"rendered":"<p>Liebe Mitglieder der Kulturellen Vereinigung Das neue Programm ist auf unserer Website nun aufgeschaltet (s. Men\u00fcleiste). Gerne laden wir Sie zur ersten Veranstaltung ein: Mittwoch, 12. September 2018, 20.00 Uhr Kursaal, Grand Resort, Bad Ragaz Die Stimme der B\u00e4ume \u00a0Referent: Conrad Amber \u00a0Conrad Amber lebt und arbeitet in Dornbirn, \u00d6sterreich. Als Naturfotograf und Baumkenner ist &hellip; <a href=\"https:\/\/kulturellevereinigung.ch\/?p=613\" class=\"more-link\"><span class=\"screen-reader-text\">neues Programm und Einladung erste Veranstaltung<\/span> weiterlesen <span class=\"meta-nav\">&rarr;<\/span><\/a><\/p>\n","protected":false},"author":2,"featured_media":0,"comment_status":"closed","ping_status":"closed","sticky":false,"template":"","format":"standard","meta":{"footnotes":""},"categories":[1],"tags":[],"class_list":["post-613","post","type-post","status-publish","format-standard","hentry","category-allgemein"],"_links":{"self":[{"href":"https:\/\/kulturellevereinigung.ch\/index.php?rest_route=\/wp\/v2\/posts\/613","targetHints":{"allow":["GET"]}}],"collection":[{"href":"https:\/\/kulturellevereinigung.ch\/index.php?rest_route=\/wp\/v2\/posts"}],"about":[{"href":"https:\/\/kulturellevereinigung.ch\/index.php?rest_route=\/wp\/v2\/types\/post"}],"author":[{"embeddable":true,"href":"https:\/\/kulturellevereinigung.ch\/index.php?rest_route=\/wp\/v2\/users\/2"}],"replies":[{"embeddable":true,"href":"https:\/\/kulturellevereinigung.ch\/index.php?rest_route=%2Fwp%2Fv2%2Fcomments&post=613"}],"version-history":[{"count":1,"href":"https:\/\/kulturellevereinigung.ch\/index.php?rest_route=\/wp\/v2\/posts\/613\/revisions"}],"predecessor-version":[{"id":615,"href":"https:\/\/kulturellevereinigung.ch\/index.php?rest_route=\/wp\/v2\/posts\/613\/revisions\/615"}],"wp:attachment":[{"href":"https:\/\/kulturellevereinigung.ch\/index.php?rest_route=%2Fwp%2Fv2%2Fmedia&parent=613"}],"wp:term":[{"taxonomy":"category","embeddable":true,"href":"https:\/\/kulturellevereinigung.ch\/index.php?rest_route=%2Fwp%2Fv2%2Fcategories&post=613"},{"taxonomy":"post_tag","embeddable":true,"href":"https:\/\/kulturellevereinigung.ch\/index.php?rest_route=%2Fwp%2Fv2%2Ftags&post=613"}],"curies":[{"name":"wp","href":"https:\/\/api.w.org\/{rel}","templated":true}]}}