{"id":637,"date":"2018-11-23T07:32:04","date_gmt":"2018-11-23T07:32:04","guid":{"rendered":"http:\/\/kulturellevereinigung.ch\/?p=637"},"modified":"2019-02-15T07:40:14","modified_gmt":"2019-02-15T07:40:14","slug":"einladung-zum-vortrag-argentinien-zwischen-tropen-und-eis-donnerstag-17-januar-2019","status":"publish","type":"post","link":"https:\/\/kulturellevereinigung.ch\/?p=637","title":{"rendered":"Zeitungsbericht &#8222;ARGENTINIEN zwischen Tropen und Eis&#8220;, vom 17.1.2019"},"content":{"rendered":"<p><strong>Argentinien in seiner ganzen Vielfalt <\/strong><\/p>\n<p><em>Vergangene Woche organisierte die Kulturelle Vereinigung Bad Ragaz eine Multivision-Reise, die zum Tr\u00e4umen verleitete: Dr. Heiko Beyer nahm das zahlreich erschienene Publikum im Kursaal mit auf eine eindr\u00fcckliche Reise quer durch Argentinien. <\/em><\/p>\n<p>von Angela Adank<\/p>\n<p>Als h\u00e4tte es der Pr\u00e4sident der kulturellen Vereinigung, Renato Bergamin, in seiner Begr\u00fcssungsrede geahnt, als er den Referenten aus Deutschland , Dr. Heiko Beyer, ank\u00fcndigte und den Zuschauern im gut gef\u00fcllten Kursaal eine \u00abbuen viaje\u00bb w\u00fcnschte: Die fast zweist\u00fcndige Foto-und Filmshow, von den argentinischen Anden bis hinunter zum abgelegenen Feuerland, pr\u00e4sentierte sich als schlichtweg atemberaubend. Der passionierte Fotograf und Lateinamerika-Kenner zeigte farbintensive und wuchtige Bilder, gepaart mit eigenen Video-und passenden Tonsequenzen, welche die vielf\u00e4ltigen Eindr\u00fccke dem interessierten Publikum noch n\u00e4her brachten.<\/p>\n<p><strong>Ein Land mit unendlichen Weiten<\/strong><\/p>\n<p>Mit einer Nord-S\u00fcdausdehnung von 3`694 km und einer Breite von 1`423 km, l\u00e4sst sich dieses Land nicht einfach mal schnell bereisen. Und im Vergleich dazu erscheint die Schweiz, ja auch Deutschland, gerade ziemlich klein, wie Beyer zu Beginn aufzeigte. \u00abArgentinien bietet unendlich viele Facetten und viel Platz, wenn man die Weite und Abgeschiedenheit sucht.\u00bb Ein ideales Land also f\u00fcr Naturliebhaber, Freiheitssuchende und Abenteurer, wie Dr. Heiko Beyer einer ist, der das Land schon mehrere Male und f\u00fcr l\u00e4ngere Zeit bereist hat. In die Ferne schweifen liess es sich dann auch gut w\u00e4hrend des Vortrages: Humorvoll und lebhaft berichtete der Referent von seinem Start in der Hauptstadt Buenos Aires und seinen ersten Tangoversuchen, seiner Reise hinauf zu den gewaltigen <em>Iguaz\u00fa<\/em>-Wasserf\u00e4llen ganz im Nordosten des Landes und seinen Abstecher zum Naturparadies \u00abEsteros del Iber\u00e1 \u00bb. Leidenschaftlich berichtete er auch \u00fcber seine Lieblingsgegend, dem Nordwesten des Landes. Von der Provinzhauptstadt Salta f\u00fchrte ihn die Reise weiter \u00fcber die Hochlandstrasse in abgelegenere Gebiete der n\u00f6rdlichen Hochw\u00fcste, vorbei an dem riesigen Salzsee \u00abSalinas Grandes\u00bb. Als fesselnder Geheimtipp gab der deutsche Reisefotograf auch das Stichwort Tolar Grande an, ein mystischer Platz inmitten der Fl\u00e4che des Salars de Arizaro, ein ehrf\u00fcrchtiger Ort in der kargen Puna-Gegend.<\/p>\n<p><strong>Die wilde Romantik Patagoniens<\/strong><\/p>\n<p>Den Anden entlang weiter hinunter, vorbei an wundersch\u00f6nen Nationalparks im Norden Patagoniens, die ein wenig an Kanada erinnern, gelangte Beyer nach S\u00fcdpatagonien. Auf der \u00abruta 40 S\u00fcd\u00bb, auf der der Wind ein stetiger Begleiter ist, sp\u00fcre man die grosse Freiheit von Argentinien, so der Referent. Ihm gelang es auch, nach ein paar Tagen des Organisierens, in einer Kleingruppe das s\u00fcdliche patagonische Inlandeisfeld zu erkunden. Der Abstecher auf diese grosse Eisw\u00fcste war ein gewagtes Abenteuer, das wie die Bilder zeigten, den Fotografen mit schlichtweg gewaltigen Fotos von der Bergkulisse \u00abFitz Roy und Cerro Torre\u00bb und vom Nationalpark \u00abLos Glaciares\u00bb belohnte. Ebenfalls erz\u00e4hlte der Fotojournalist von seiner unglaublichen Suche nach Don Hugo, einem Gaucho, dem Beyer vor 10 Jahren auf einer abgeschiedenen Estanica in S\u00fcdpatagonien begegnete und den er, nach viel Effort, endlich wieder traf. Den Abstecher ganz zur S\u00fcdspitze nach Ushuaia, die s\u00fcdlichste Stadt der Welt und zum Nationalpark Feuerland, bildete dann das T\u00fcpfelchen auf dem i.<\/p>\n<p><strong>Packende Live-Multivision-Show<\/strong><\/p>\n<p>Der vielbereiste Referent versteht es gekonnt seine Bilder in eine spannende Live-Multivision-Show zu verpacken. 1994 f\u00fchrte ihn seine erste Reise nach Argentinien, das ihn sofort in seinen Bann zog. Daraufhin folgten weitere und l\u00e4ngere Reisen, von denen er die besten Bilder f\u00fcr seine Vortr\u00e4ge verwendet. Trotz seinen Erfahrungen meinte Dr. Heiko Beyer abschliessend: \u00abIch habe noch immer nur einen kleinen Splitter von diesem Land gesehen, es gibt da noch viel mehr zu entdecken\u00bb. Und er versprach allen Interessierten, von denen es nach diesem Abend sicher einige gab: \u00abEgal ob organisiert oder individuell, in diesem Land kommen alle Reisende auf ihre Kosten!\u00bb<\/p>\n<p>Auf <a href=\"http:\/\/www.vision21.de\/\">www.vision21.de<\/a> sind weitere Infos \u00fcber den Referenten und seine Projekte zu finden.<\/p>\n","protected":false},"excerpt":{"rendered":"<p>Argentinien in seiner ganzen Vielfalt Vergangene Woche organisierte die Kulturelle Vereinigung Bad Ragaz eine Multivision-Reise, die zum Tr\u00e4umen verleitete: Dr. Heiko Beyer nahm das zahlreich erschienene Publikum im Kursaal mit auf eine eindr\u00fcckliche Reise quer durch Argentinien. von Angela Adank Als h\u00e4tte es der Pr\u00e4sident der kulturellen Vereinigung, Renato Bergamin, in seiner Begr\u00fcssungsrede geahnt, als &hellip; <a href=\"https:\/\/kulturellevereinigung.ch\/?p=637\" class=\"more-link\"><span class=\"screen-reader-text\">Zeitungsbericht &#8222;ARGENTINIEN zwischen Tropen und Eis&#8220;, vom 17.1.2019<\/span> weiterlesen <span class=\"meta-nav\">&rarr;<\/span><\/a><\/p>\n","protected":false},"author":2,"featured_media":0,"comment_status":"closed","ping_status":"closed","sticky":false,"template":"","format":"standard","meta":{"footnotes":""},"categories":[1],"tags":[],"class_list":["post-637","post","type-post","status-publish","format-standard","hentry","category-allgemein"],"_links":{"self":[{"href":"https:\/\/kulturellevereinigung.ch\/index.php?rest_route=\/wp\/v2\/posts\/637","targetHints":{"allow":["GET"]}}],"collection":[{"href":"https:\/\/kulturellevereinigung.ch\/index.php?rest_route=\/wp\/v2\/posts"}],"about":[{"href":"https:\/\/kulturellevereinigung.ch\/index.php?rest_route=\/wp\/v2\/types\/post"}],"author":[{"embeddable":true,"href":"https:\/\/kulturellevereinigung.ch\/index.php?rest_route=\/wp\/v2\/users\/2"}],"replies":[{"embeddable":true,"href":"https:\/\/kulturellevereinigung.ch\/index.php?rest_route=%2Fwp%2Fv2%2Fcomments&post=637"}],"version-history":[{"count":3,"href":"https:\/\/kulturellevereinigung.ch\/index.php?rest_route=\/wp\/v2\/posts\/637\/revisions"}],"predecessor-version":[{"id":657,"href":"https:\/\/kulturellevereinigung.ch\/index.php?rest_route=\/wp\/v2\/posts\/637\/revisions\/657"}],"wp:attachment":[{"href":"https:\/\/kulturellevereinigung.ch\/index.php?rest_route=%2Fwp%2Fv2%2Fmedia&parent=637"}],"wp:term":[{"taxonomy":"category","embeddable":true,"href":"https:\/\/kulturellevereinigung.ch\/index.php?rest_route=%2Fwp%2Fv2%2Fcategories&post=637"},{"taxonomy":"post_tag","embeddable":true,"href":"https:\/\/kulturellevereinigung.ch\/index.php?rest_route=%2Fwp%2Fv2%2Ftags&post=637"}],"curies":[{"name":"wp","href":"https:\/\/api.w.org\/{rel}","templated":true}]}}