{"id":643,"date":"2019-01-07T09:26:34","date_gmt":"2019-01-07T09:26:34","guid":{"rendered":"http:\/\/kulturellevereinigung.ch\/?p=643"},"modified":"2019-01-29T07:00:32","modified_gmt":"2019-01-29T07:00:32","slug":"27-1-2019-einladung-literaturfruehstueck-mit-melinda-nadj-abonji","status":"publish","type":"post","link":"https:\/\/kulturellevereinigung.ch\/?p=643","title":{"rendered":"Zeitungsbericht zum Literaturfr\u00fchst\u00fcck mit Melinda Nadj Abonji"},"content":{"rendered":"<h2><span style=\"color: #000000; font-family: Cambria;\">Die Frage nach der Heimat<\/span><\/h2>\n<p><span style=\"color: #000000; font-family: Cambria;\">\u00a0<\/span><\/p>\n<h4><span style=\"color: #000000; font-family: Cambria;\">Zum Literaturfr\u00fchst\u00fcck im \u00abTamina\u00bb in Bad Ragaz haben die Kulturelle Vereinigung und die Gemeindebibliothek Bad Ragaz-Taminatal eingeladen. Zu Gast war die Buchpreistr\u00e4gerin Melinda Nadj Abonji, der das Publikum noch lange \u00fcber den Anlass hinaus h\u00e4tte zuh\u00f6ren m\u00f6gen. <\/span><\/h4>\n<h5><span style=\"color: #000000; font-family: Cambria;\">\u00a0<\/span><span style=\"color: #000000; font-family: Cambria;\">von Susan Rupp<\/span><\/h5>\n<p><span style=\"color: #000000; font-family: Cambria;\">Renato Bergamin, Pr\u00e4sident der Kulturellen Vereingung erz\u00e4hlt zur Begr\u00fcssung, dass es fast nicht geklappt habe mit dem Besuch von Melinda Nadj Abonji, da sie im Jahr 2019 keine Lesungen mehr einplanen wollte. Mithilfe von Rilke und der Inspiration, die dieser damals in Bad Ragaz f\u00fcrs Schreiben gefunden habe, sei es ihm dann doch gelungen, sie zu \u00fcberzeugen. Und das war auch gut so \u2013 die Lesung der in Z\u00fcrich wohnhaften Autorin hat die Anwesenden der restlos ausgebuchten Veranstaltung gefesselt und vieles vom Geh\u00f6rten hallte noch lange nach. <\/span><\/p>\n<p><span style=\"color: #000000; font-family: Cambria;\">Texte, die unter die Haut gehen<\/span><\/p>\n<p><span style=\"color: #000000; font-family: Cambria;\">Passend zum gemeinsamen Fr\u00fchst\u00fccken liest Nadj Abonji am Sonntagvormittag zu Beginn einen Ausschnitt aus \u00abTauben fliegen auf\u00bb, in dem es ums Essen geht \u2013 von gr\u00fcner Erbsensuppe mit Taubenfleisch, Fischsuppe mit Karpfenk\u00f6pfen oder knusprig gebratenen H\u00fchner wie auch Kalbfleisch mit Sauerrahm und Kn\u00f6deln ist die Rede. Und dem Publikum er\u00f6ffnen sich ganz neue Welten. Die Worte und S\u00e4tze erhalten durch die Stimme Nadj Abonjis einen speziellen Klang, es entfaltet sich eine ganz eigene Magie und der Text beginnt zu leben. Auch aus dem aktuellen Roman \u00abSchildkr\u00f6tensoldat\u00bb liest die Autorin. Er handelt vom Balkankrieg, auch hier geht das Geh\u00f6rte unter die Haut.<\/span><\/p>\n<p><span style=\"color: #000000; font-family: Cambria;\">Abschliessend bekommt das Publikum eine Kostprobe aus einem Essay: \u00abZuhause in der Fremde \u2013 Versuche zu Integration\u00bb zu h\u00f6ren. Die Autorin schreibt davon, was das Zuhause in der Fremde f\u00fcr sie als damals kleiner Mensch bedeutet habe und von ersten Erinnerungen ans sich ausgeschlossen f\u00fchlen, weil man die Sprache nicht beherrscht. Mit dem Erlernen des Hochdeutschen habe sie sich dann eine eigene Welt geschaffen, eine dir nur ihr geh\u00f6rt habe. Sie bezeichnet das Hochdeutsch als grosses Gl\u00fcck, denn in dieser Sprache konnte sie neu anfangen. Eindr\u00fccklich zu h\u00f6ren, dass mit der Frage: \u00abWoher kommst du?\u00bb der Fragende den Befragten an ein Land binde, an ein Land binden wolle. <\/span><\/p>\n<p><span style=\"color: #000000; font-family: Cambria;\">Grenzen ausloten<\/span><\/p>\n<p><span style=\"color: #000000; font-family: Cambria;\">Auch die M\u00f6glichkeit, ins Gespr\u00e4ch zu kommen, wird im Anschluss an die Lesung genutzt. Man kommt schnell auf eine sehr pers\u00f6nliche Ebene und das Gespr\u00e4ch dreht sich um die Frage nach Heimat, worauf Nadj Abonji sagt: \u00abWir alle sehnen uns nach einem Ort, der Kindheit heisst\u00bb oder sie h\u00e4lt fest, dass es Mut brauche zu leben. Sie versuche immer, eng gesteckte Grenzen aufzul\u00f6sen. Sprache helfe dabei, Grenzen auszulosten, man k\u00f6nne die Grenzen der Sprache auch sprengen. \u00abIch m\u00f6chte Sprache neu erfinden, Leben in die Sprache bringen und das verbindet mich mit den Kindern.\u00bb Auch die \u00abkalte\u00bb Onlinekommunikation, mit der Kinder heute aufwachsen, wird thematisiert. Dieser Tendenz k\u00f6nne man wohl nur entgegenwirken, wenn jeder mit Kindern laut lese, viel erz\u00e4hle, viel mit ihnen spreche. Alle seien selber gefordert, dass die Kinder die Welt der B\u00fccher und die Sprachwelten kennenlernen k\u00f6nnen, so die Autorin. \u2013 \u00abWir k\u00f6nnten Ihnen noch sehr lange zuh\u00f6ren\u00bb, so Bergamin zum Schluss. Er wies auch auf den B\u00fcchertisch von Sabine Loop hin, wo die Werke Nadj Abonjis erworben werden konnten, was rege genutzt wurde.<\/span><\/p>\n<p><a href=\"http:\/\/kulturellevereinigung.ch\/wp-content\/uploads\/2019\/01\/2009-01-27-Abonji-in-Ragaz.jpg\"><img loading=\"lazy\" decoding=\"async\" class=\"alignnone size-medium wp-image-651\" src=\"http:\/\/kulturellevereinigung.ch\/wp-content\/uploads\/2019\/01\/2009-01-27-Abonji-in-Ragaz-300x200.jpg\" alt=\"\" width=\"300\" height=\"200\" srcset=\"https:\/\/kulturellevereinigung.ch\/wp-content\/uploads\/2019\/01\/2009-01-27-Abonji-in-Ragaz-300x200.jpg 300w, https:\/\/kulturellevereinigung.ch\/wp-content\/uploads\/2019\/01\/2009-01-27-Abonji-in-Ragaz-768x512.jpg 768w, https:\/\/kulturellevereinigung.ch\/wp-content\/uploads\/2019\/01\/2009-01-27-Abonji-in-Ragaz-1024x683.jpg 1024w\" sizes=\"auto, (max-width: 300px) 100vw, 300px\" \/><\/a><\/p>\n","protected":false},"excerpt":{"rendered":"<p>Die Frage nach der Heimat \u00a0 Zum Literaturfr\u00fchst\u00fcck im \u00abTamina\u00bb in Bad Ragaz haben die Kulturelle Vereinigung und die Gemeindebibliothek Bad Ragaz-Taminatal eingeladen. Zu Gast war die Buchpreistr\u00e4gerin Melinda Nadj Abonji, der das Publikum noch lange \u00fcber den Anlass hinaus h\u00e4tte zuh\u00f6ren m\u00f6gen. \u00a0von Susan Rupp Renato Bergamin, Pr\u00e4sident der Kulturellen Vereingung erz\u00e4hlt zur Begr\u00fcssung, &hellip; <a href=\"https:\/\/kulturellevereinigung.ch\/?p=643\" class=\"more-link\"><span class=\"screen-reader-text\">Zeitungsbericht zum Literaturfr\u00fchst\u00fcck mit Melinda Nadj Abonji<\/span> weiterlesen <span class=\"meta-nav\">&rarr;<\/span><\/a><\/p>\n","protected":false},"author":2,"featured_media":0,"comment_status":"closed","ping_status":"closed","sticky":false,"template":"","format":"standard","meta":{"footnotes":""},"categories":[1],"tags":[],"class_list":["post-643","post","type-post","status-publish","format-standard","hentry","category-allgemein"],"_links":{"self":[{"href":"https:\/\/kulturellevereinigung.ch\/index.php?rest_route=\/wp\/v2\/posts\/643","targetHints":{"allow":["GET"]}}],"collection":[{"href":"https:\/\/kulturellevereinigung.ch\/index.php?rest_route=\/wp\/v2\/posts"}],"about":[{"href":"https:\/\/kulturellevereinigung.ch\/index.php?rest_route=\/wp\/v2\/types\/post"}],"author":[{"embeddable":true,"href":"https:\/\/kulturellevereinigung.ch\/index.php?rest_route=\/wp\/v2\/users\/2"}],"replies":[{"embeddable":true,"href":"https:\/\/kulturellevereinigung.ch\/index.php?rest_route=%2Fwp%2Fv2%2Fcomments&post=643"}],"version-history":[{"count":4,"href":"https:\/\/kulturellevereinigung.ch\/index.php?rest_route=\/wp\/v2\/posts\/643\/revisions"}],"predecessor-version":[{"id":652,"href":"https:\/\/kulturellevereinigung.ch\/index.php?rest_route=\/wp\/v2\/posts\/643\/revisions\/652"}],"wp:attachment":[{"href":"https:\/\/kulturellevereinigung.ch\/index.php?rest_route=%2Fwp%2Fv2%2Fmedia&parent=643"}],"wp:term":[{"taxonomy":"category","embeddable":true,"href":"https:\/\/kulturellevereinigung.ch\/index.php?rest_route=%2Fwp%2Fv2%2Fcategories&post=643"},{"taxonomy":"post_tag","embeddable":true,"href":"https:\/\/kulturellevereinigung.ch\/index.php?rest_route=%2Fwp%2Fv2%2Ftags&post=643"}],"curies":[{"name":"wp","href":"https:\/\/api.w.org\/{rel}","templated":true}]}}