{"id":660,"date":"2019-03-04T07:35:39","date_gmt":"2019-03-04T07:35:39","guid":{"rendered":"http:\/\/kulturellevereinigung.ch\/?p=660"},"modified":"2019-05-22T07:35:57","modified_gmt":"2019-05-22T07:35:57","slug":"einladung-zum-letzten-vortrag-anlass-100-jahre-ferdinand-hodler","status":"publish","type":"post","link":"https:\/\/kulturellevereinigung.ch\/?p=660","title":{"rendered":"Zeitungsbericht zur Jubil\u00e4ums-HV vom 15.5.2019"},"content":{"rendered":"<p>Unter diesem Link befindet sich der Zeitungsartikel im Sarganserl\u00e4nder mit Fotos:<\/p>\n<p><a href=\"http:\/\/kulturellevereinigung.ch\/wp-content\/uploads\/2019\/03\/2019-05-20-Zeitungsbericht-HV.pdf\">2019 05 20 Zeitungsbericht HV<\/a><\/p>\n<h1><strong>50 Jahre Kulturelle Vereinigung Bad Ragaz<\/strong><\/h1>\n<h4>Die Jubil\u00e4ums-Mitgliederversammlung zum f\u00fcnzigj\u00e4hrigen Bestehen des Vereins hatte es in sich. Ein begeisterndes Konzert des Duos \u00abAlexi und Marcus\u00bb mit einem musikalischen \u00dcberraschungsgast war die Kr\u00f6nung des Jubil\u00e4umsanlasses, bei dem auch f\u00fcnf ehemalige Vereinspr\u00e4sidenten anwesend waren.<\/h4>\n<p>von Hans Hidber<\/p>\n<p>\u00ab50 Jahre sind sein halbes Leben\u00bb, &#8211; ein Markstein, nicht nur ein Meilenstein\u00bb, meinte Renato Bergamin, seit 21 Jahren umsichtiger Pr\u00e4sident der Kulturellen Vereinigung Bad Ragaz in seinen Begr\u00fcssungsworten. Er erinnerte sich an einen seiner ersten Besuche einer Veranstaltung der Kulturellen Vereinigung anfangs der 1990-er Jahre, als er erstmals das Grand Resort \u2013 oder das Grand Hotel, wie es damals hiess, betrat. \u00abBin ich gut genug angezogen, l\u00e4uft man da einfach cool durch das F\u00fcnfstern- Hotel?\u00bb, habe er sich kritisch gefragt. Solche Fragen seien von 30 Jahren durchaus berechtigt gewesen, weshalb es f\u00fcr das Grand Resort eines der grossen Anliegen war und sei, bei Besucherinnen und Besuchern die Hemmschwellen abzubauen. Die Kultur diene somit als willkommene Br\u00fcckenbauerin zwischen dem Grand Resort und der Bev\u00f6lkerung, w\u00fcrden doch mit den Anl\u00e4ssen Menschen verschiedenster Gesellschafts- und Altersklassen in diese R\u00e4umlichkeiten geholt, die sonst vielleicht das Haus nie betreten h\u00e4tten. Bergamin sprach der Leitung des Grands Resorts seinen grossen Dank f\u00fcr die stets erfahrene grossz\u00fcgige Gastfreundschaft und sonstige Unterst\u00fctzung der Kulturellen Vereinigung aus.<\/p>\n<p><strong>\u00abKultur rheinabw\u00e4rts geschwommen\u00bb<\/strong><\/p>\n<p>Dass f\u00fcnf ehemalige Pr\u00e4sidenten der Einladung gefolgt waren, freute Renato Bergamin besonders.<\/p>\n<p>Der erste Pr\u00e4sident, Dr. Hans-Rudolf Bener, war 1969 im Abwesenheitsverfahren und ziemlich eigenm\u00e4chtig zu diesem Amt verknurrt worden, wie er in seiner von trockenem Humor gepr\u00e4gten Grussbotschaft erz\u00e4hlte. Interessant auch die Vorgeschichte: In der Kulturszene Chur habe damals ein \u00abstaubtrockener Sommer\u00bb geherrscht. Dr. Bener erinnerte an einen skandal\u00f6sen Vorfall, als in Chur ein weltber\u00fchmter ungarischer Pianist vor praktisch leeren Reihen spielen musste. Auf der Suche nach einem besseren kulturellen Umfeld mit interessiertem Publikum habe sich das Grand Hotel angeboten. \u00abUnd so liess man die B\u00fcndnerkultur vertrauensvoll den Rhein hinab nach Bad Ragaz fliessen.\u00bb Bergamin hakte im nostalgischen R\u00fcckblick auf die Anf\u00e4nge der Vereinigung nach<\/p>\n<p>und zitierte mit einem Augenzwinkern aus dem ersten Versammlungsprotokoll die aufgeworfene Frage, \u00abob eventuell auch eine Frau in den Vorstand gew\u00e4hlt werden k\u00f6nnte.\u00bb Die Behandlung dieser offensichtlich sehr brisanten Angelegenheit wurde auf sp\u00e4ter verschoben \u00abwenn dann zuvor die harte Pionierarbeit geleistet worden sei.\u00bb Ein Zeitgeist, der gar nicht so lange zur\u00fcckliegt.<\/p>\n<p><strong>\u00abAlexi und Marcus\u00bb begeisterten<\/strong><\/p>\n<p>Der Vorstand hatte sich f\u00fcr die von 100 Mitgliedern und G\u00e4sten besuchte Jubil\u00e4umsversammlung<\/p>\n<p>einen musikalischen Leckerbissen der besonderen Art ausgedacht. Der waschechte R\u00e4toromane Alexi Nay aus Truns und der des R\u00e4toromanischen m\u00e4chtige \u00abSargaaserl\u00e4nder\u00bb Markus Hobi, geb\u00fcrtiger Melser und wohnhaft in Vilters, f\u00fchren schon seit 35 Jahren als Liedermacher-Duo r\u00e4toromanische Lieder auf. Die beiden besuchten seinerzeit gemeinsam die Klosterschule Disentis, sp\u00e4ter auch die Uni Fribourg. In ihren ersten Auftritten engagierten sie sich stark f\u00fcr den Erhalt der Greina-Hochebene, die gem\u00e4ss einem Projekt in einem Stausee untergehen sollte. Ihr Konzert am Jubil\u00e4um begeisterte das Publikum restlos. Sie brachten ein lebendes Jubil\u00e4umsgeschenk mit: Der hervorragende Saxophonist Clau Maissen aus Trun (Musiklehrer an den Musikschulen Surselva und Viamala) machte das Duo zu einem Trio. Alexi Nay \u00fcbersetzte jeweils den Inhalt der empfindsamen, auch fr\u00f6hlichen Lieder aus der r\u00e4toromanischen Liedkultur und Sagenwelt Die Drei boten einen absoluten Musik- und Gesangsgenuss des speziellen Art. Und schliesslich wurde der Anlass noch kulinarisch durch einen\u00a0 reichhaltigen Ap\u00e9ro abgerundet.<\/p>\n<p>&nbsp;<\/p>\n<p><strong>Verein auf gesunder Basis<\/strong><\/p>\n<p>Die unvermeidlichen statutarischen Traktanden traten an dieser Jubil\u00e4ums-HV in den Hintergrund und wurden z\u00fcgig abgewickelt. Gem\u00e4ss R\u00fcckblick des Pr\u00e4sidenten wurden die Anl\u00e4sse im Berichtsjahr im Schnitt wieder von gut 100 Personen besucht; auch der Ausblick auf die neue Vortragssaison 2019\/2020, pr\u00e4sentiert von Vorstandsmitglied Daniela Keller, ist vielseitig und verheissungsvoll. Auf dem Programm, das zu gegebener Zeit in der Presse publiziert wird, steht wieder ein bunter Blumenstrauss von Referaten aus Kunst, Wissenschaft und Politik. \u00abDie Kulturelle Vereinigung steht finanziell kerngesund da\u00bb, zog Kassier Roman Rupp das Fazit der mit einem kleinen Vorschlag abgeschlossenen Jahresrechnung. \u00abWir m\u00fcssen kein Verm\u00f6gen \u00e4ufnen, aber es ist eine Reserve da, mit der auch eine schlechte Saison \u00fcberbr\u00fcckt werden k\u00f6nnte.\u00bb Mit Bedauern musste der Pr\u00e4sident den R\u00fccktritt des Vorstandsmitgliedes Marco Della Santa (Malans) wegen starker beruflicher Beanspruchung bekannt geben. Er verdankte dessen grosse Arbeit und erw\u00e4hnte, dass sich der Vorstand Zeit f\u00fcr die Suche nach einer geeigneten Nachfolge geben wolle. (hi<\/p>\n<p><strong>Die Pr\u00e4sidenten<\/strong><\/p>\n<p>1969 \u2013 1972 Dr. Hans Rudolf Bener<\/p>\n<p>1972 \u2013 1975 Hans Saluz<\/p>\n<p>1975 \u2013 1981 Hans J\u00f6rg Widrig<\/p>\n<p>1981 \u2013 1989 Dr. Uwe Lisowsky\/Hans H\u00fcrlimann<\/p>\n<p>1989 \u2013 1992 Gottlieb Bachofner<\/p>\n<p>1992 \u2013 1998 Hans Furgler<\/p>\n<p>seit 1998\u00a0\u00a0\u00a0\u00a0\u00a0\u00a0 Renato Bergamin<\/p>\n<p>&nbsp;<\/p>\n<p>&nbsp;<\/p>\n","protected":false},"excerpt":{"rendered":"<p>Unter diesem Link befindet sich der Zeitungsartikel im Sarganserl\u00e4nder mit Fotos: 2019 05 20 Zeitungsbericht HV 50 Jahre Kulturelle Vereinigung Bad Ragaz Die Jubil\u00e4ums-Mitgliederversammlung zum f\u00fcnzigj\u00e4hrigen Bestehen des Vereins hatte es in sich. Ein begeisterndes Konzert des Duos \u00abAlexi und Marcus\u00bb mit einem musikalischen \u00dcberraschungsgast war die Kr\u00f6nung des Jubil\u00e4umsanlasses, bei dem auch f\u00fcnf ehemalige &hellip; <a href=\"https:\/\/kulturellevereinigung.ch\/?p=660\" class=\"more-link\"><span class=\"screen-reader-text\">Zeitungsbericht zur Jubil\u00e4ums-HV vom 15.5.2019<\/span> weiterlesen <span class=\"meta-nav\">&rarr;<\/span><\/a><\/p>\n","protected":false},"author":2,"featured_media":0,"comment_status":"closed","ping_status":"closed","sticky":false,"template":"","format":"standard","meta":{"footnotes":""},"categories":[1],"tags":[],"class_list":["post-660","post","type-post","status-publish","format-standard","hentry","category-allgemein"],"_links":{"self":[{"href":"https:\/\/kulturellevereinigung.ch\/index.php?rest_route=\/wp\/v2\/posts\/660","targetHints":{"allow":["GET"]}}],"collection":[{"href":"https:\/\/kulturellevereinigung.ch\/index.php?rest_route=\/wp\/v2\/posts"}],"about":[{"href":"https:\/\/kulturellevereinigung.ch\/index.php?rest_route=\/wp\/v2\/types\/post"}],"author":[{"embeddable":true,"href":"https:\/\/kulturellevereinigung.ch\/index.php?rest_route=\/wp\/v2\/users\/2"}],"replies":[{"embeddable":true,"href":"https:\/\/kulturellevereinigung.ch\/index.php?rest_route=%2Fwp%2Fv2%2Fcomments&post=660"}],"version-history":[{"count":7,"href":"https:\/\/kulturellevereinigung.ch\/index.php?rest_route=\/wp\/v2\/posts\/660\/revisions"}],"predecessor-version":[{"id":679,"href":"https:\/\/kulturellevereinigung.ch\/index.php?rest_route=\/wp\/v2\/posts\/660\/revisions\/679"}],"wp:attachment":[{"href":"https:\/\/kulturellevereinigung.ch\/index.php?rest_route=%2Fwp%2Fv2%2Fmedia&parent=660"}],"wp:term":[{"taxonomy":"category","embeddable":true,"href":"https:\/\/kulturellevereinigung.ch\/index.php?rest_route=%2Fwp%2Fv2%2Fcategories&post=660"},{"taxonomy":"post_tag","embeddable":true,"href":"https:\/\/kulturellevereinigung.ch\/index.php?rest_route=%2Fwp%2Fv2%2Ftags&post=660"}],"curies":[{"name":"wp","href":"https:\/\/api.w.org\/{rel}","templated":true}]}}