{"id":731,"date":"2019-08-27T08:57:55","date_gmt":"2019-08-27T08:57:55","guid":{"rendered":"http:\/\/kulturellevereinigung.ch\/?p=731"},"modified":"2019-09-26T11:12:42","modified_gmt":"2019-09-26T11:12:42","slug":"350-jahre-rembrandt-sonderveranstaltung-mit-eberhard-w-kornfeld-film-gespraech-ausstellung","status":"publish","type":"post","link":"https:\/\/kulturellevereinigung.ch\/?p=731","title":{"rendered":"Zeitungsbericht zu 350 Jahre Rembrandt:  mit Eberhard W. Kornfeld Film, Gespr\u00e4ch, Ausstellung"},"content":{"rendered":"\n<h2 class=\"wp-block-heading\"><strong>\u00dcber Kunst reden, als w\u00e4re es Fussball<\/strong><\/h2>\n\n\n\n<p>Anfang Oktober j\u00e4hrt sich der Todestag des Niederl\u00e4ndischen K\u00fcnstlers Rembrandt van Rijn zum 350. Mal. Aus diesem Grund und zum Saisonauftakt der Kulturellen Vereinigung Bad Ragaz wurde im lokalen Kursaal zur Veranstaltung unter dem Motto \u00abRembrandt und sein Sammler\u00bb mit Eberhard W. Kornfeld geladen.  Es sei ihm eine aussergew\u00f6hnliche Ehre zu diesem Jubil\u00e4um mit dem Kunstexperten Eberhard W. Kornfeld und dem Filmemacher Heinz B\u00fctler zwei solch illustre G\u00e4ste in Bad Ragaz begr\u00fcssen zu d\u00fcrfen, sagte der Pr\u00e4sident der Kulturellen Vereinigung, Renato Bergamin. Er wolle noch nicht zu viel vorneweg nehmen, denn zuerst werde jetzt der Portr\u00e4tfilm \u00abRembrandt und sein Sammler\u00bb aus dem Jahre 2011 gezeigt.  <\/p>\n\n\n\n<p><strong>Ein Leben f\u00fcr die Kunst <\/strong><br>Der knapp st\u00fcndige Film begleitete den Schweizer Kunstsammler Kornfeld bei seiner Passion, erz\u00e4hlte durch viele Bilder und den entsprechenden Kommentaren von ihm auch den Lebensweg von Rembrandt an den Originalschaupl\u00e4tzen nach. Im Film erkl\u00e4rte der heute 95-J\u00e4hrige, wie sehr es ihm die Drucke des Holl\u00e4nders angetan h\u00e4tten. Der K\u00fcnstler habe sein Werk oft mehrfach \u00fcberarbeitet, was das Auftreiben von Drucken der Ursprungsversion h\u00e4ufig zu einer sich \u00fcber Jahre hinweg ziehenden Herkulesaufgabe mache. Das Publikum begann zu Staunen, als Kornfeld mit einer jugendlichen Begeisterung in seinen Augen damit begann eines seiner Bijous aus dem sch\u00fctzenden Karton hervor zu holen. Mit einfachen Worten schaffte es der Kunstexperte seine Faszination f\u00fcr die Werke zu erkl\u00e4ren und aufzuzeigen, warum diese wertvoller sind als andere. Es schien, als sammle er am Liebsten Radierungen, denn f\u00fcr gewisse rare Drucke, je nachdem sogar noch auf einem speziellen Papier verewigt, w\u00e4re der leidenschaftliche Sammler auch heute noch bereit eine gewisse Summe zu zahlen, da seine Leidenschaft daf\u00fcr nach wie vor ungebrochen erschien.  <\/p>\n\n\n\n<p><strong>Vorsicht beim Museum beschenken <\/strong><br>Die Leidenschaft f\u00fcr die Werke von Rembrandt und sein schier unfassbares Wissen \u00fcber Kunstmacharten heimsten Eberhard W. Kornfeld einen herzlichen Applaus der zahlreichen G\u00e4ste ein. Im Gespr\u00e4ch mit Renato Bergamin erkl\u00e4rte der Regisseur des Dokumentarfilms, Heinz B\u00fctler, warum er immer wieder gerne mit Kornfeld diskutiere. Trotz seines enormen Wissens, k\u00f6nne er komplexe Sachverhalte wundervoll herunter brechen und simpel erkl\u00e4ren. Ihm zuzuh\u00f6ren habe nie etwas belehrendes, besserwisserisches oder gar den faden Beigeschmack, dass man sich &#8222;von oben herab&#8220; behandelt f\u00fchle. Der virtuose Kunstexperte schaffe es \u00fcber Kunst zu reden, als w\u00e4re es Fussball, was ihn immer wieder begeistere. W\u00e4hrend des Drehs habe er unglaublich viel \u00fcber Kunst und auch \u00fcber den K\u00fcnstler Rembrandt gelernt, wof\u00fcr er Kornfeld ewig dankbar sei. Der von allen Seiten gefeierte Star hatte es auch an diesem Abend nicht nehmen lassen und war, um \u00fcber Kunst und Rembrandt zu diskutieren extra angereist. Trotz seines fortgeschrittenen Alters wirkte er im Kopf fit wie eh und je und war sogar zu Scherzen aufgelegt. Er, der 2008 einiges von seiner Rembrandt-Sammlung weggegeben hat, wies darauf hin, wie unglaublich wichtig der richtige Zeitpunkt f\u00fcr eine Schenkung an ein Museum sei. Denn wer seine gesammelten Werke leichtfertig einem Museum \u00fcberlasse, riskiere, dass die Werke direkt in den Keller wandern werden und so f\u00fcr eine sehr lange Zeit nicht mehr pr\u00e4sentiert werden. Kornfeld will dies wenn immer m\u00f6glich verhindern, weshalb er auch einige Originaldrucke von Rembrandt mit in den Kursaal nach Bad Ragaz gebracht hat, wo sie von den zahlreichen Zuschauern mit viel Bewunderung begutachtet wurden. Diese einzigartigen Kunstwerke und der von Kornfeld erbrachte Beweis, dass eine Leidenschaft zu haben, einem vital bis ins hohe Alter h\u00e4lt, schafften es den Abend in eine runde und stimmige Geschichte zu verwandeln, die von den Besuchern nicht so schnell vergessen wird. <\/p>\n\n\n\n<figure class=\"wp-block-image\"><img loading=\"lazy\" decoding=\"async\" width=\"1024\" height=\"725\" src=\"http:\/\/kulturellevereinigung.ch\/wp-content\/uploads\/2019\/09\/2019-09-22-Foto-Rembrandt-Gespr\u00e4ch-Kornfeld-B\u00fctler-1024x725.jpg\" alt=\"\" class=\"wp-image-747\" srcset=\"https:\/\/kulturellevereinigung.ch\/wp-content\/uploads\/2019\/09\/2019-09-22-Foto-Rembrandt-Gespr\u00e4ch-Kornfeld-B\u00fctler-1024x725.jpg 1024w, https:\/\/kulturellevereinigung.ch\/wp-content\/uploads\/2019\/09\/2019-09-22-Foto-Rembrandt-Gespr\u00e4ch-Kornfeld-B\u00fctler-300x213.jpg 300w, https:\/\/kulturellevereinigung.ch\/wp-content\/uploads\/2019\/09\/2019-09-22-Foto-Rembrandt-Gespr\u00e4ch-Kornfeld-B\u00fctler-768x544.jpg 768w\" sizes=\"auto, (max-width: 1024px) 100vw, 1024px\" \/><figcaption>Renato Bergamin im Gespr\u00e4ch mit Eberhard W. Kornfeld und Heinz B\u00fctler<\/figcaption><\/figure>\n\n\n\n<p><\/p>\n","protected":false},"excerpt":{"rendered":"<p>\u00dcber Kunst reden, als w\u00e4re es Fussball Anfang Oktober j\u00e4hrt sich der Todestag des Niederl\u00e4ndischen K\u00fcnstlers Rembrandt van Rijn zum 350. Mal. Aus diesem Grund und zum Saisonauftakt der Kulturellen Vereinigung Bad Ragaz wurde im lokalen Kursaal zur Veranstaltung unter dem Motto \u00abRembrandt und sein Sammler\u00bb mit Eberhard W. Kornfeld geladen. Es sei ihm eine &hellip; <a href=\"https:\/\/kulturellevereinigung.ch\/?p=731\" class=\"more-link\"><span class=\"screen-reader-text\">Zeitungsbericht zu 350 Jahre Rembrandt:  mit Eberhard W. Kornfeld Film, Gespr\u00e4ch, Ausstellung<\/span> weiterlesen <span class=\"meta-nav\">&rarr;<\/span><\/a><\/p>\n","protected":false},"author":2,"featured_media":0,"comment_status":"closed","ping_status":"closed","sticky":false,"template":"","format":"standard","meta":{"footnotes":""},"categories":[1],"tags":[],"class_list":["post-731","post","type-post","status-publish","format-standard","hentry","category-allgemein"],"_links":{"self":[{"href":"https:\/\/kulturellevereinigung.ch\/index.php?rest_route=\/wp\/v2\/posts\/731","targetHints":{"allow":["GET"]}}],"collection":[{"href":"https:\/\/kulturellevereinigung.ch\/index.php?rest_route=\/wp\/v2\/posts"}],"about":[{"href":"https:\/\/kulturellevereinigung.ch\/index.php?rest_route=\/wp\/v2\/types\/post"}],"author":[{"embeddable":true,"href":"https:\/\/kulturellevereinigung.ch\/index.php?rest_route=\/wp\/v2\/users\/2"}],"replies":[{"embeddable":true,"href":"https:\/\/kulturellevereinigung.ch\/index.php?rest_route=%2Fwp%2Fv2%2Fcomments&post=731"}],"version-history":[{"count":6,"href":"https:\/\/kulturellevereinigung.ch\/index.php?rest_route=\/wp\/v2\/posts\/731\/revisions"}],"predecessor-version":[{"id":750,"href":"https:\/\/kulturellevereinigung.ch\/index.php?rest_route=\/wp\/v2\/posts\/731\/revisions\/750"}],"wp:attachment":[{"href":"https:\/\/kulturellevereinigung.ch\/index.php?rest_route=%2Fwp%2Fv2%2Fmedia&parent=731"}],"wp:term":[{"taxonomy":"category","embeddable":true,"href":"https:\/\/kulturellevereinigung.ch\/index.php?rest_route=%2Fwp%2Fv2%2Fcategories&post=731"},{"taxonomy":"post_tag","embeddable":true,"href":"https:\/\/kulturellevereinigung.ch\/index.php?rest_route=%2Fwp%2Fv2%2Ftags&post=731"}],"curies":[{"name":"wp","href":"https:\/\/api.w.org\/{rel}","templated":true}]}}