{"id":752,"date":"2019-10-04T06:15:28","date_gmt":"2019-10-04T06:15:28","guid":{"rendered":"http:\/\/kulturellevereinigung.ch\/?p=752"},"modified":"2019-10-04T06:15:30","modified_gmt":"2019-10-04T06:15:30","slug":"vortrag-rhb-130-jahre","status":"publish","type":"post","link":"https:\/\/kulturellevereinigung.ch\/?p=752","title":{"rendered":"Vortrag RhB &#8211; 130 Jahre"},"content":{"rendered":"\n<p><strong>Dienstag, 22. Oktober 2019, 20.00 Uhr im Kursaal, Bad Ragaz\u00a0\u00a0\u00a0\u00a0\u00a0\u00a0\u00a0\u00a0\u00a0\u00a0\u00a0<\/strong><br><br><strong>130 Jahre Rh\u00e4tische Bahn RhB im Spannungsfeld der Modernisierung der Infrastrukturanlagen <\/strong><br><br>Vortrag von Christian Florin, dipl. Bauingenieur ETH\/SIA Leiter Infrastruktur und Stellvertretender Direktor der RhB <\/p>\n\n\n\n<p>Die Rh\u00e4tische Bahn wurde vor \u00fcber 130 Jahren mit viel Weitsicht in eine einmalige Naturkulisse hineingezaubert. Die damaligen Pioniere haben es geschafft, eine technische Errungenschaft so in die Landschaften einzubetten, dass die verschiedenen Strecken der RhB eigenst\u00e4ndig und doch als Teil des Ganzen wahrgenommen werden. J\u00e4hrlich begeistern sich mehr als 12 Mio. Fahrg\u00e4ste an diesem Wechselspiel zwischen Technik und Naturspektakel. Das bereits betr\u00e4chtliche Alter und die meist exponierte Lage hat selbstredend dem baulichen Zustand der Anlagen \u00fcber die Jahre zugesetzt. Deshalb arbeitet die RhB bereits seit \u00fcber 10 Jahren an einer intensiven, sehr umfangreichen und nachhaltigen Erneuerungsphase der Anlagen. Die vielen historischen Bauten und die ver\u00e4nderte Technik sind das herausfordernde Spannungsfeld bei der Erneuerung der Infrastrukturanlagen. Die RhB versucht hier einen eigenen Weg zwischen Bewahrung und Modernisierung zu gehen. Der Referent, Christian Florin, ist in Landquart aufgewachsen und seit 2005 bei der RhB, er ist Mitglied der Gesch\u00e4ftsleitung und mit seiner Familie wohnhaft in Bad Ragaz wo er auch als Schulratspr\u00e4sident amtet. <\/p>\n","protected":false},"excerpt":{"rendered":"<p>Dienstag, 22. Oktober 2019, 20.00 Uhr im Kursaal, Bad Ragaz\u00a0\u00a0\u00a0\u00a0\u00a0\u00a0\u00a0\u00a0\u00a0\u00a0\u00a0 130 Jahre Rh\u00e4tische Bahn RhB im Spannungsfeld der Modernisierung der Infrastrukturanlagen Vortrag von Christian Florin, dipl. Bauingenieur ETH\/SIA Leiter Infrastruktur und Stellvertretender Direktor der RhB Die Rh\u00e4tische Bahn wurde vor \u00fcber 130 Jahren mit viel Weitsicht in eine einmalige Naturkulisse hineingezaubert. Die damaligen Pioniere haben &hellip; <a href=\"https:\/\/kulturellevereinigung.ch\/?p=752\" class=\"more-link\"><span class=\"screen-reader-text\">Vortrag RhB &#8211; 130 Jahre<\/span> weiterlesen <span class=\"meta-nav\">&rarr;<\/span><\/a><\/p>\n","protected":false},"author":2,"featured_media":0,"comment_status":"closed","ping_status":"closed","sticky":false,"template":"","format":"standard","meta":{"footnotes":""},"categories":[1],"tags":[],"class_list":["post-752","post","type-post","status-publish","format-standard","hentry","category-allgemein"],"_links":{"self":[{"href":"https:\/\/kulturellevereinigung.ch\/index.php?rest_route=\/wp\/v2\/posts\/752","targetHints":{"allow":["GET"]}}],"collection":[{"href":"https:\/\/kulturellevereinigung.ch\/index.php?rest_route=\/wp\/v2\/posts"}],"about":[{"href":"https:\/\/kulturellevereinigung.ch\/index.php?rest_route=\/wp\/v2\/types\/post"}],"author":[{"embeddable":true,"href":"https:\/\/kulturellevereinigung.ch\/index.php?rest_route=\/wp\/v2\/users\/2"}],"replies":[{"embeddable":true,"href":"https:\/\/kulturellevereinigung.ch\/index.php?rest_route=%2Fwp%2Fv2%2Fcomments&post=752"}],"version-history":[{"count":1,"href":"https:\/\/kulturellevereinigung.ch\/index.php?rest_route=\/wp\/v2\/posts\/752\/revisions"}],"predecessor-version":[{"id":753,"href":"https:\/\/kulturellevereinigung.ch\/index.php?rest_route=\/wp\/v2\/posts\/752\/revisions\/753"}],"wp:attachment":[{"href":"https:\/\/kulturellevereinigung.ch\/index.php?rest_route=%2Fwp%2Fv2%2Fmedia&parent=752"}],"wp:term":[{"taxonomy":"category","embeddable":true,"href":"https:\/\/kulturellevereinigung.ch\/index.php?rest_route=%2Fwp%2Fv2%2Fcategories&post=752"},{"taxonomy":"post_tag","embeddable":true,"href":"https:\/\/kulturellevereinigung.ch\/index.php?rest_route=%2Fwp%2Fv2%2Ftags&post=752"}],"curies":[{"name":"wp","href":"https:\/\/api.w.org\/{rel}","templated":true}]}}