{"id":797,"date":"2020-04-21T09:23:31","date_gmt":"2020-04-21T09:23:31","guid":{"rendered":"http:\/\/kulturellevereinigung.ch\/?p=797"},"modified":"2021-09-28T08:40:50","modified_gmt":"2021-09-28T08:40:50","slug":"absage-mitgliederversammlung-2020","status":"publish","type":"post","link":"https:\/\/kulturellevereinigung.ch\/?p=797","title":{"rendered":"neues Jahresprogramm aufgeschaltet +       Einladung Anlass                     Le Corbusier                    Einlass mit Zertifikat 3G"},"content":{"rendered":"\n<p><\/p>\n\n\n\n<p><\/p>\n\n\n\n<h2 class=\"wp-block-heading\">30.9.21 , 20.00 Uhr, Kursaal<br>Heidi Weber und Le Corbusier &#8211;<br>7 Jahre intensive Zusammenarbeit<\/h2>\n\n\n\n<p>Dr. Kuno Fischer, Luzern<\/p>\n\n\n\n<p>Falls m\u00f6glich, wird Heidi Weber an dieser Veranstaltung pers\u00f6nlich anwesend sein und allf\u00e4llige Fragen vor Ort beantworten.<br><br><strong><span class=\"has-inline-color has-red-color\">Neu gelten gem\u00e4ss BAG die 3G-Regeln, Einlass mit Zertifikat, Anmeldung nicht notwendig<\/span><\/strong><\/p>\n\n\n\n<p>Die letzten sieben Lebensjahre von Charles Edouard Jeanneret-Gris, seit den 1920er Jahren besser bekannt als Le Corbusier (La Chaux-de-Fonds 1887 \u2013 1965 Roquebrune Cap Martin), waren von einer intensiven Zusammenarbeit mit Heidi Weber (geb. 1927), Gr\u00fcnderin und Inhaberin des mezzanin f\u00fcr moderne Raumgestaltung in Z\u00fcrich, gepr\u00e4gt. Es entwickelte sich zwischen Heidi Weber und Le Corbusier ein einmaliges, aussergew\u00f6hnliches, auf gegenseitigem Respekt und Achtung basierendes Vertrauensverh\u00e4ltnis. Jede zweite Woche reiste sie nach Paris, um mit Le Corbusier in Arbeitssitzungen die n\u00e4chsten Projekte zu planen.<\/p>\n\n\n\n<p>Frau Heidi Weber erkannte als eine der sehr wenigen \u00e4usserst fr\u00fch nicht nur seine ausserordentlichen F\u00e4higkeiten und Leistungen als internationaler Architekt, sondern &#8211; nebst seinem Werk als Theoretiker und Poet &#8211; auch jene als avantgardistischer bildender K\u00fcnstler und Designer. Ihre pr\u00e4zise und sorgf\u00e4ltige Arbeitsweise, ihre \u00dcberzeugungskraft, ihre Leidenschaft und ihr grosses Engagement &#8211; man bedenke, dass sich ihr als junge alleinerziehende Mutter, ohne finanzielles Polster oder Financiers in der damaligen Zeit aus heutiger Sicht unvorstellbare Herausforderungen stellten &#8211; f\u00fchrten nebst anderem dazu, dass Le Corbusier ihr Kunstwerke (vor allem Gem\u00e4lde und Arbeiten auf Papier) f\u00fcr zahlreiche Ausstellung im mezzanin in Z\u00fcrich und ihr die Edition seiner Druckgraphik anvertraute, ihr seine Entw\u00fcrfe der durch ihre Arbeit zu Weltruhm gelangenden Design-M\u00f6bel zur Weiterentwicklung und Produktion \u00fcberliess und mit ihr \u00fcber seinen Tod hinaus g\u00fcltige Lizenz- und Exklusivit\u00e4tsvertr\u00e4ge schloss.<\/p>\n\n\n\n<p>1960 hatte Frau Heidi Weber die Vision eines von Le Corbusier entworfenen Museums ganz im Sinne eines Gesamtkunstwerkes, bei dem die Architektur vereint mit Gem\u00e4lden, Skulpturen, Collagen, dem druckgrafischen Werk, Tapisserien und M\u00f6beln gezeigt werden sollte. Sie \u00fcberzeugte in der Folge einerseits Le Corbusier, der aufgrund seiner negativen Erfahrungen mit Z\u00fcrich dort eigentlich keine Projekte mehr an die Hand nehmen wollte und anf\u00e4nglich sehr ablehnend war, und andererseits die Stadt Z\u00fcrich, an der H\u00f6schgasse ein entsprechendes Baurechtsgrundst\u00fcck zur Verf\u00fcgung zu stellen. Auf ihre Initiative und ihre grosse \u00dcberzeugungskraft hin willigte Le Corbusier schlussendlich ein und sie erteilte 1960 Le Corbusier den Auftrag, Entw\u00fcrfe auszuarbeiten. 1961 schrieb Le Corbusier einem Freund in Bezug auf Heidi Webers Auftrag: \u201eCette maison sera la plus t\u00e9m\u00e9raire que j\u2019aie jamais fait de ma vie\u201c.<\/p>\n\n\n\n<p>Dieses Bauvorhaben wird Heidi Weber mehr fordern als alles Bisherige. Doch am 15. Juli 1967 \u2013 zwei Jahre nach Le Corbusiers Tod &#8211; er\u00f6ffnete sie das von ihr alleine initiierte, geplante,<\/p>\n\n\n\n<p>gebaute, finanzierte, bei Le Corbusier in Auftrag gegebene und gegen alle Widerst\u00e4nde erfolgreich fertiggestellte \u201eCentre Le Corbusier &#8211; Heidi Weber &#8211; Z\u00fcrich\u201c. Heidi Weber organisierte und veranstaltete als Eigent\u00fcmerin, Direktorin und Kuratorin &#8211; ohne je auch nur 100 Franken als Beitrag von der Stadt Z\u00fcrich erhalten zu haben &#8211; in den folgenden 50 (!) Jahren zahlreiche Ausstellungen und Anl\u00e4sse (Vortr\u00e4ge, Diskussionsveranstaltungen, Filmpr\u00e4sentationen, wissen-schaftliche Seminare, usw.) im Heidi Weber Museum &#8211; Centre Le Corbusier zu den Themen wie z.B.: Leben und Werk von Le Corbusier, Fernand L\u00e9ger, New Urbanism, Public Transport, Environment, Umweltschutz, Utopia and Reality, Education to Yeasayer, Injustice in the Constitutional State, Culture or Pseudo Culture?, Do we live in a Pseudo Democracy?, City Planning, Mobility &#8211; Manipulation, Biology and Architecture, etc. Hinzu kamen zahlreiche Publikationen \u00fcber Le Corbusier und sein Werk, einschliesslich das Werkverzeichnis seiner Druckgraphik.<\/p>\n\n\n\n<p><strong>Kuno Fischer<\/strong> (geb. 1973) ist ein internationaler Kunstmarktexperte, Unternehmer und Berater von Kunstinstitutionen, Kunstmarktteilnehmern und Kunstsammlern. Seine Erfahrungen basieren auf seinem Hintergrund als Mitinhaber, Mitglied des Verwaltungsrates, CEO und Experte f\u00fcr Moderne &amp; Zeitgen\u00f6ssische Kunst bei der Galerie Fischer Auktionen AG, ehemaliger Pr\u00e4sident des Schweizerischen Auktionatorenverbandes (2005-2017), Mitbegr\u00fcnder des Verbandes Kunstmarkt Schweiz und Mitglied weiterer Kunsthandelsverb\u00e4nde. Er hat an der Universit\u00e4t Z\u00fcrich und der Columbia University in New York studiert. Er besitzt einen Master und einen Doktortitel in Rechtswissenschaften; er ist in der Schweiz als Anwalt zugelassen. Heute ber\u00e4t er internationale Privatpersonen und internationale Kunstsammler, Family Offices, Stiftungen, Kunstexperten, Forschungseinrichtungen sowie institutionelle Kunstsammler. Er ist aktives Mitglied im Vorstand von Familienstiftungen und Stiftungen mit den Schwerpunkten Kunst, Musik und Bildung sowie von kunstmarktbezogenen Unternehmen und Verb\u00e4nden.<\/p>\n\n\n\n<p>Ab dem 30.9. wird im Grand Resort eine Auswahl an grafischen Arbeiten von Le Corbusier gezeigt, ein Konvolut, das Heidi Weber im vergangenen Jahr grossz\u00fcgigerweise der Stiftung Triennale der Skulptur Bad Ragartz \/ Vaduz geschenkt hat.<\/p>\n\n\n\n<p>Sie und Ihre Freunde sind herzlich eingeladen.<\/p>\n\n\n\n<p><\/p>\n\n\n\n<p>Eintritt frei\/Kollekte<\/p>\n\n\n\n<p><\/p>\n","protected":false},"excerpt":{"rendered":"<p>30.9.21 , 20.00 Uhr, KursaalHeidi Weber und Le Corbusier &#8211;7 Jahre intensive Zusammenarbeit Dr. Kuno Fischer, Luzern Falls m\u00f6glich, wird Heidi Weber an dieser Veranstaltung pers\u00f6nlich anwesend sein und allf\u00e4llige Fragen vor Ort beantworten. Neu gelten gem\u00e4ss BAG die 3G-Regeln, Einlass mit Zertifikat, Anmeldung nicht notwendig Die letzten sieben Lebensjahre von Charles Edouard Jeanneret-Gris, seit &hellip; <a href=\"https:\/\/kulturellevereinigung.ch\/?p=797\" class=\"more-link\"><span class=\"screen-reader-text\">neues Jahresprogramm aufgeschaltet +       Einladung Anlass                     Le Corbusier                    Einlass mit Zertifikat 3G<\/span> weiterlesen <span class=\"meta-nav\">&rarr;<\/span><\/a><\/p>\n","protected":false},"author":2,"featured_media":0,"comment_status":"closed","ping_status":"closed","sticky":false,"template":"","format":"standard","meta":{"footnotes":""},"categories":[1],"tags":[],"class_list":["post-797","post","type-post","status-publish","format-standard","hentry","category-allgemein"],"_links":{"self":[{"href":"https:\/\/kulturellevereinigung.ch\/index.php?rest_route=\/wp\/v2\/posts\/797","targetHints":{"allow":["GET"]}}],"collection":[{"href":"https:\/\/kulturellevereinigung.ch\/index.php?rest_route=\/wp\/v2\/posts"}],"about":[{"href":"https:\/\/kulturellevereinigung.ch\/index.php?rest_route=\/wp\/v2\/types\/post"}],"author":[{"embeddable":true,"href":"https:\/\/kulturellevereinigung.ch\/index.php?rest_route=\/wp\/v2\/users\/2"}],"replies":[{"embeddable":true,"href":"https:\/\/kulturellevereinigung.ch\/index.php?rest_route=%2Fwp%2Fv2%2Fcomments&post=797"}],"version-history":[{"count":29,"href":"https:\/\/kulturellevereinigung.ch\/index.php?rest_route=\/wp\/v2\/posts\/797\/revisions"}],"predecessor-version":[{"id":912,"href":"https:\/\/kulturellevereinigung.ch\/index.php?rest_route=\/wp\/v2\/posts\/797\/revisions\/912"}],"wp:attachment":[{"href":"https:\/\/kulturellevereinigung.ch\/index.php?rest_route=%2Fwp%2Fv2%2Fmedia&parent=797"}],"wp:term":[{"taxonomy":"category","embeddable":true,"href":"https:\/\/kulturellevereinigung.ch\/index.php?rest_route=%2Fwp%2Fv2%2Fcategories&post=797"},{"taxonomy":"post_tag","embeddable":true,"href":"https:\/\/kulturellevereinigung.ch\/index.php?rest_route=%2Fwp%2Fv2%2Ftags&post=797"}],"curies":[{"name":"wp","href":"https:\/\/api.w.org\/{rel}","templated":true}]}}