{"id":917,"date":"2021-10-15T08:23:49","date_gmt":"2021-10-15T08:23:49","guid":{"rendered":"https:\/\/kulturellevereinigung.ch\/?p=917"},"modified":"2021-10-15T08:23:51","modified_gmt":"2021-10-15T08:23:51","slug":"was-steckt-hinter-bakom-der-direktor-des-bundesamts-fuer-kommunikation-am-27-10-21-gast-bei-der-kulturellen-vereinigung","status":"publish","type":"post","link":"https:\/\/kulturellevereinigung.ch\/?p=917","title":{"rendered":"Was steckt hinter &#8222;BAKOM&#8220;? Der Direktor des Bundesamts f\u00fcr Kommunikation am 27.10.21 Gast bei der Kulturellen Vereinigung"},"content":{"rendered":"\n<p>Mittwoch, 27. Oktober 2021, 20.00 Uhr<\/p>\n\n\n\n<p>im Kursaal des Grand Resort Bad Ragaz<\/p>\n\n\n\n<p><strong>Das Bundesamt f\u00fcr Kommunikation(BAKOM)-<\/strong><\/p>\n\n\n\n<p><strong>was sich alles dahinter verbirgt<\/strong><\/p>\n\n\n\n<p>Bernard Maissen, Direktor BAKOM<\/p>\n\n\n\n<p><span class=\"has-inline-color has-red-color\"> <strong>Gem\u00e4ss Regelung BAG Eintritt nur mit 3G-Zertifikat<\/strong> <\/span><\/p>\n\n\n\n<p>Nein, das Bundesamt f\u00fcr Kommunikation ist nicht f\u00fcr die Kommunikation des Bundesrats zust\u00e4ndig. Es ist vielmehr das Kompetenzzentrum der Bundesverwaltung f\u00fcr Medien, Telekommunikation und Post. In dieser Rolle tr\u00e4gt es zum guten Funktionieren und zur erfolgreichen Weiterentwicklung der Kommunikationsinfrastruktur und damit zur Entwicklung der demokratischen digitalen Schweiz bei.<\/p>\n\n\n\n<p>Wie das mit 5G, mit DAB+, mit der Medienf\u00f6rderung und der Tageszeitung im Briefkasten zusammenh\u00e4ngt und welche weiteren aktuellen Themen das BAKOM besch\u00e4ftigen, erfahren Sie in diesem Referat.<\/p>\n\n\n\n<p><strong>Bernard Maissen<\/strong>, geboren 1961, hat an der Universit\u00e4t Freiburg Germanistik, Geschichte und Journalismus studiert und war danach in verschiedenen Funktionen als Journalist und Chefredaktor t\u00e4tig. Vor seinem Wechsel ins BAKOM 2018 war er Chefredaktor und Mitglied der Gesch\u00e4ftsleitung der Schweizerischen Depeschenagentur sda. Bernard Maissen bildete sich in Managementfragen weiter, war Mitglied der Programmkommission der Schweizer Journalistenschule (MAZ) in Luzern und geh\u00f6rte von 2013 bis zum Eintritt ins BAKOM der Eidgen\u00f6ssischen Medienkommission (EMEK) an.<\/p>\n\n\n\n<p>Sie sind herzlich eingeladen (Kollekte)<\/p>\n\n\n\n<p><strong>Gem\u00e4ss Regelung BAG Eintritt nur mit 3G-Zertifikat<\/strong><\/p>\n","protected":false},"excerpt":{"rendered":"<p>Mittwoch, 27. Oktober 2021, 20.00 Uhr im Kursaal des Grand Resort Bad Ragaz Das Bundesamt f\u00fcr Kommunikation(BAKOM)- was sich alles dahinter verbirgt Bernard Maissen, Direktor BAKOM Gem\u00e4ss Regelung BAG Eintritt nur mit 3G-Zertifikat Nein, das Bundesamt f\u00fcr Kommunikation ist nicht f\u00fcr die Kommunikation des Bundesrats zust\u00e4ndig. Es ist vielmehr das Kompetenzzentrum der Bundesverwaltung f\u00fcr Medien, &hellip; <a href=\"https:\/\/kulturellevereinigung.ch\/?p=917\" class=\"more-link\"><span class=\"screen-reader-text\">Was steckt hinter &#8222;BAKOM&#8220;? Der Direktor des Bundesamts f\u00fcr Kommunikation am 27.10.21 Gast bei der Kulturellen Vereinigung<\/span> weiterlesen <span class=\"meta-nav\">&rarr;<\/span><\/a><\/p>\n","protected":false},"author":2,"featured_media":0,"comment_status":"closed","ping_status":"closed","sticky":false,"template":"","format":"standard","meta":{"footnotes":""},"categories":[1],"tags":[],"class_list":["post-917","post","type-post","status-publish","format-standard","hentry","category-allgemein"],"_links":{"self":[{"href":"https:\/\/kulturellevereinigung.ch\/index.php?rest_route=\/wp\/v2\/posts\/917","targetHints":{"allow":["GET"]}}],"collection":[{"href":"https:\/\/kulturellevereinigung.ch\/index.php?rest_route=\/wp\/v2\/posts"}],"about":[{"href":"https:\/\/kulturellevereinigung.ch\/index.php?rest_route=\/wp\/v2\/types\/post"}],"author":[{"embeddable":true,"href":"https:\/\/kulturellevereinigung.ch\/index.php?rest_route=\/wp\/v2\/users\/2"}],"replies":[{"embeddable":true,"href":"https:\/\/kulturellevereinigung.ch\/index.php?rest_route=%2Fwp%2Fv2%2Fcomments&post=917"}],"version-history":[{"count":2,"href":"https:\/\/kulturellevereinigung.ch\/index.php?rest_route=\/wp\/v2\/posts\/917\/revisions"}],"predecessor-version":[{"id":919,"href":"https:\/\/kulturellevereinigung.ch\/index.php?rest_route=\/wp\/v2\/posts\/917\/revisions\/919"}],"wp:attachment":[{"href":"https:\/\/kulturellevereinigung.ch\/index.php?rest_route=%2Fwp%2Fv2%2Fmedia&parent=917"}],"wp:term":[{"taxonomy":"category","embeddable":true,"href":"https:\/\/kulturellevereinigung.ch\/index.php?rest_route=%2Fwp%2Fv2%2Fcategories&post=917"},{"taxonomy":"post_tag","embeddable":true,"href":"https:\/\/kulturellevereinigung.ch\/index.php?rest_route=%2Fwp%2Fv2%2Ftags&post=917"}],"curies":[{"name":"wp","href":"https:\/\/api.w.org\/{rel}","templated":true}]}}