{"id":921,"date":"2021-11-03T15:09:32","date_gmt":"2021-11-03T15:09:32","guid":{"rendered":"https:\/\/kulturellevereinigung.ch\/?p=921"},"modified":"2021-11-03T15:09:33","modified_gmt":"2021-11-03T15:09:33","slug":"15-11-21-der-flughafen-zuerich-im-spannungsfeld-der-interessen-nur-mit-anmeldung","status":"publish","type":"post","link":"https:\/\/kulturellevereinigung.ch\/?p=921","title":{"rendered":"15.11.21: Der Flughafen Z\u00fcrich im Spannungsfeld der Interessen &#8211; nur mit Anmeldung"},"content":{"rendered":"\n<p>Montag, 15. November 2021, 20.00 Uhr<\/p>\n\n\n\n<h2 class=\"wp-block-heading\"><span class=\"has-inline-color has-red-color\"><strong><em>Achtung:<\/em><\/strong><\/span><em><strong><span class=\"has-inline-color has-red-color\"> F\u00fcr diesen Anlass ben\u00f6tigen wir Ihre Anmeldung. Ein Einlass ist nur mit einem 3G-Zertifikat m\u00f6glich.<\/span><\/strong><\/em><\/h2>\n\n\n\n<p>im Kursaal des Grand Resort Bad Ragaz<\/p>\n\n\n\n<p><strong>Der Flughafen Z\u00fcrich im Spannungsfeld der Interessen<\/strong><\/p>\n\n\n\n<p>Stephan Widrig, CEO der Flughafen Z\u00fcrich AG<\/p>\n\n\n\n<p>Ist er nicht sch\u00f6n, der Moment, in dem man abhebt, und sich freut auf neue Entdeckungsreisen, ferne Kulturen oder einfach etwas W\u00e4rme. Mussten Sie gesch\u00e4ftlich schon ins Ausland und waren froh, dass Sie ab Z\u00fcrich direkt an ihr Ziel in Asien oder S\u00fcdamerika gelangen konnten? Der Flughafen Z\u00fcrich spielt unbestritten eine grosse Rolle f\u00fcr unsere Gesellschaft und Volkswirtschaft. Er sorgt aber auch f\u00fcr heftige Debatten, welche Gebiete genau \u00fcberflogen werden. Alle wollen fliegen, doch niemand will den L\u00e4rm. Und deshalb ist der Flughafen, insbesondere wenn es um seine Weiterent\u00adwicklung geht, auch eine politische Frage. Mitten in der Debatte, wieviel Wachstum dieses Land noch will und ob es Fortschritt braucht, wenn es uns auch in 30 Jahren noch so gut gehen soll wie heute.<\/p>\n\n\n\n<p>Die prim\u00e4re Aufgabe eines Flughafendirektors besteht aber darin, das Unternehmen Flughafen Z\u00fcrich zu f\u00fchren. Ein Unternehmen, das jeden Tag von Neuem daf\u00fcr sorgt, dass Ihr Aufenthalt am Flughafen Z\u00fcrich ein positives Erlebnis ist und dahinter effiziente und sichere Prozesse und eine funktionierende Infrastruktur stehen. Die Flughafen Z\u00fcrich AG ist an der Schweizer B\u00f6rse kotiert und investiert jeden Tag eine Million Franken \u2013 erh\u00e4lt aber keinerlei staatliche Gelder, nicht mal in Zeiten von Corona oder dem Swissair Grounding. Das erfordert ein innovatives Gesch\u00e4ftsmodell und unternehmerischen Geist, um auch Ertragsquellen ausserhalb des Flugbetriebs zu sichern. So betreibt die Flughafen Z\u00fcrich AG auch das gr\u00f6sste Shopping-Center der Schweiz und hat \u00fcber die letzten Jahre mit dem Dienstleistungskomplex The Circle das gr\u00f6sste Geb\u00e4ude des Landes entwickelt. Mittlerweile geh\u00f6rt sie auch in Indien und Brasilien zu den f\u00fchrenden Flughafenbetreibern.<\/p>\n\n\n\n<p>Der in Bad Ragaz aufgewachsene Stephan Widrig (1972) hat ein Studium der Politik- und Wirtschaftswissenschaften an der Universit\u00e4t St. Gallen abgeschlossen und arbeitet seit \u00fcber 20 Jahren bei der Flughafen Z\u00fcrich AG. Seit 2015 ist er deren CEO.<\/p>\n\n\n\n<p>Sie und Ihre Freunde sind herzlich eingeladen.<\/p>\n\n\n\n<p>Reservation unerl\u00e4sslich; Mail an:&nbsp; <a href=\"mailto:anmeldung.kvragaz@gmail.com\">anmeldung.kvragaz@gmail.com<\/a> (Angaben: Namen\/Vornamen,<\/p>\n\n\n\n<p>Wohnort, Tel.Nummer, Anzahl Personen)<\/p>\n","protected":false},"excerpt":{"rendered":"<p>Montag, 15. November 2021, 20.00 Uhr Achtung: F\u00fcr diesen Anlass ben\u00f6tigen wir Ihre Anmeldung. Ein Einlass ist nur mit einem 3G-Zertifikat m\u00f6glich. im Kursaal des Grand Resort Bad Ragaz Der Flughafen Z\u00fcrich im Spannungsfeld der Interessen Stephan Widrig, CEO der Flughafen Z\u00fcrich AG Ist er nicht sch\u00f6n, der Moment, in dem man abhebt, und sich &hellip; <a href=\"https:\/\/kulturellevereinigung.ch\/?p=921\" class=\"more-link\"><span class=\"screen-reader-text\">15.11.21: Der Flughafen Z\u00fcrich im Spannungsfeld der Interessen &#8211; nur mit Anmeldung<\/span> weiterlesen <span class=\"meta-nav\">&rarr;<\/span><\/a><\/p>\n","protected":false},"author":2,"featured_media":0,"comment_status":"closed","ping_status":"closed","sticky":false,"template":"","format":"standard","meta":{"footnotes":""},"categories":[1],"tags":[],"class_list":["post-921","post","type-post","status-publish","format-standard","hentry","category-allgemein"],"_links":{"self":[{"href":"https:\/\/kulturellevereinigung.ch\/index.php?rest_route=\/wp\/v2\/posts\/921","targetHints":{"allow":["GET"]}}],"collection":[{"href":"https:\/\/kulturellevereinigung.ch\/index.php?rest_route=\/wp\/v2\/posts"}],"about":[{"href":"https:\/\/kulturellevereinigung.ch\/index.php?rest_route=\/wp\/v2\/types\/post"}],"author":[{"embeddable":true,"href":"https:\/\/kulturellevereinigung.ch\/index.php?rest_route=\/wp\/v2\/users\/2"}],"replies":[{"embeddable":true,"href":"https:\/\/kulturellevereinigung.ch\/index.php?rest_route=%2Fwp%2Fv2%2Fcomments&post=921"}],"version-history":[{"count":2,"href":"https:\/\/kulturellevereinigung.ch\/index.php?rest_route=\/wp\/v2\/posts\/921\/revisions"}],"predecessor-version":[{"id":923,"href":"https:\/\/kulturellevereinigung.ch\/index.php?rest_route=\/wp\/v2\/posts\/921\/revisions\/923"}],"wp:attachment":[{"href":"https:\/\/kulturellevereinigung.ch\/index.php?rest_route=%2Fwp%2Fv2%2Fmedia&parent=921"}],"wp:term":[{"taxonomy":"category","embeddable":true,"href":"https:\/\/kulturellevereinigung.ch\/index.php?rest_route=%2Fwp%2Fv2%2Fcategories&post=921"},{"taxonomy":"post_tag","embeddable":true,"href":"https:\/\/kulturellevereinigung.ch\/index.php?rest_route=%2Fwp%2Fv2%2Ftags&post=921"}],"curies":[{"name":"wp","href":"https:\/\/api.w.org\/{rel}","templated":true}]}}