{"id":944,"date":"2022-01-24T09:21:28","date_gmt":"2022-01-24T09:21:28","guid":{"rendered":"https:\/\/kulturellevereinigung.ch\/?p=944"},"modified":"2022-01-24T09:21:29","modified_gmt":"2022-01-24T09:21:29","slug":"einladung-lesung-mit-simone-lappert-9-2-22","status":"publish","type":"post","link":"https:\/\/kulturellevereinigung.ch\/?p=944","title":{"rendered":"Einladung Lesung mit Simone Lappert, 9.2.22"},"content":{"rendered":"\n<h2 class=\"wp-block-heading\"><strong>Mittwoch, 9. Februar 2022, 20.00 Uhr<\/strong><\/h2>\n\n\n\n<h2 class=\"wp-block-heading\">im gr\u00fcnen Saal des Grand Resort Bad Ragaz<\/h2>\n\n\n\n<p><strong><em><br><br>Achtung:<\/em><\/strong><em> F\u00fcr diesen Anlass ben\u00f6tigen wir Ihre Anmeldung. <span class=\"has-inline-color has-red-color\">Ein Einlass ist neu nur mit einem 2G-Zertifikat m\u00f6glich<\/span>. Es besteht Maskenpflicht.<\/em><\/p>\n\n\n\n<h1 class=\"wp-block-heading\"><strong>\u00abDer Sprung\u00bb<\/strong><\/h1>\n\n\n\n<h1 class=\"wp-block-heading\"><strong>Literaturlesung mit Simone Lappert<\/strong><\/h1>\n\n\n\n<p>anschliessend gem\u00fctliches Beisammensein<\/p>\n\n\n\n<p>Eine junge Frau steht auf einem Dach und weigert sich herunterzukommen. Was geht in ihr vor? Will sie springen?<\/p>\n\n\n\n<p>Die Polizei riegelt das Geb\u00e4ude ab, Schaulustige johlen, z\u00fccken ihre Handys. Der Freund der Frau, ihre Schwester, ein Polizist und sieben andere Menschen, die nah oder entfernt mit ihr zu tun haben, geraten aus dem Tritt.<\/p>\n\n\n\n<p>Sie fallen aus den Routinen ihres Alltags, verlieren den Halt \u2013 oder st\u00fcrzen sich in eine nicht mehr f\u00fcr m\u00f6glich gehaltene Freiheit.<\/p>\n\n\n\n<p><br>Simone Lappert, geboren 1985 in Aarau, studierte am Schweizerischen Literaturinstitut in Biel. Mit ihrem Deb\u00fctroman \u203aWurfschatten\u2039 stand sie auf der Shortlist des ZDF-aspekte-Preises, ihr Roman \u203aDer Sprung\u2039 war f\u00fcr den Schweizer Buchpreis nominiert. F\u00fcr ihre Lyrik wurde sie mit dem Heinz-Weder-Preis und einem Werkbeitrag des Fachausschusses Literatur Basel ausgezeichnet. Sie ist Pr\u00e4sidentin des Internationalen Lyrikfestivals Basel und war Schweizer Kuratorin f\u00fcr das Lyrikprojekt \u203aBabelsprech.International\u2039. Sie lebt in Z\u00fcrich.<\/p>\n\n\n\n<p><strong>Anmeldung unerl\u00e4sslich:<\/strong> Mail an: <a href=\"mailto:anmeldung.kvragaz@gmail.com\">anmeldung.kvragaz@gmail.com<\/a> (Angabe Name\/ Vorname, Wohnort, Tel. Nummer, Anzahl Personen)<\/p>\n","protected":false},"excerpt":{"rendered":"<p>Mittwoch, 9. Februar 2022, 20.00 Uhr im gr\u00fcnen Saal des Grand Resort Bad Ragaz Achtung: F\u00fcr diesen Anlass ben\u00f6tigen wir Ihre Anmeldung. Ein Einlass ist neu nur mit einem 2G-Zertifikat m\u00f6glich. Es besteht Maskenpflicht. \u00abDer Sprung\u00bb Literaturlesung mit Simone Lappert anschliessend gem\u00fctliches Beisammensein Eine junge Frau steht auf einem Dach und weigert sich herunterzukommen. Was &hellip; <a href=\"https:\/\/kulturellevereinigung.ch\/?p=944\" class=\"more-link\"><span class=\"screen-reader-text\">Einladung Lesung mit Simone Lappert, 9.2.22<\/span> weiterlesen <span class=\"meta-nav\">&rarr;<\/span><\/a><\/p>\n","protected":false},"author":2,"featured_media":0,"comment_status":"closed","ping_status":"closed","sticky":false,"template":"","format":"standard","meta":{"footnotes":""},"categories":[1],"tags":[],"class_list":["post-944","post","type-post","status-publish","format-standard","hentry","category-allgemein"],"_links":{"self":[{"href":"https:\/\/kulturellevereinigung.ch\/index.php?rest_route=\/wp\/v2\/posts\/944","targetHints":{"allow":["GET"]}}],"collection":[{"href":"https:\/\/kulturellevereinigung.ch\/index.php?rest_route=\/wp\/v2\/posts"}],"about":[{"href":"https:\/\/kulturellevereinigung.ch\/index.php?rest_route=\/wp\/v2\/types\/post"}],"author":[{"embeddable":true,"href":"https:\/\/kulturellevereinigung.ch\/index.php?rest_route=\/wp\/v2\/users\/2"}],"replies":[{"embeddable":true,"href":"https:\/\/kulturellevereinigung.ch\/index.php?rest_route=%2Fwp%2Fv2%2Fcomments&post=944"}],"version-history":[{"count":1,"href":"https:\/\/kulturellevereinigung.ch\/index.php?rest_route=\/wp\/v2\/posts\/944\/revisions"}],"predecessor-version":[{"id":945,"href":"https:\/\/kulturellevereinigung.ch\/index.php?rest_route=\/wp\/v2\/posts\/944\/revisions\/945"}],"wp:attachment":[{"href":"https:\/\/kulturellevereinigung.ch\/index.php?rest_route=%2Fwp%2Fv2%2Fmedia&parent=944"}],"wp:term":[{"taxonomy":"category","embeddable":true,"href":"https:\/\/kulturellevereinigung.ch\/index.php?rest_route=%2Fwp%2Fv2%2Fcategories&post=944"},{"taxonomy":"post_tag","embeddable":true,"href":"https:\/\/kulturellevereinigung.ch\/index.php?rest_route=%2Fwp%2Fv2%2Ftags&post=944"}],"curies":[{"name":"wp","href":"https:\/\/api.w.org\/{rel}","templated":true}]}}